{"id":915,"date":"2014-05-16T12:51:47","date_gmt":"2014-05-16T10:51:47","guid":{"rendered":"http:\/\/rfk-nuernberg.de\/WordPress\/?p=915"},"modified":"2014-05-16T12:59:14","modified_gmt":"2014-05-16T10:59:14","slug":"rfk-holt-ersten-pott-und-24-000-feiern-mit","status":"publish","type":"post","link":"http:\/\/rfk-nuernberg.de\/WordPress\/2014\/05\/16\/rfk-holt-ersten-pott-und-24-000-feiern-mit\/","title":{"rendered":"RFK holt den ersten Pott \u2013 und 24.000 feiern mit!"},"content":{"rendered":"<p><b>\u201eChampions League kann jeder, schei\u00df&#8216; auf erste Liga, Niederrheinpokal-Sieger &#8211; MSV!&#8220; so zelebrierten die Zebra-Fans nach dem 5:2-Sieg gegen den Oberligisten TV Jahn Hiesfeld den ersten Titelgewinn nach 27 Jahren \u2013 und mittendrin feierte die NRW-Fraktion des RFK, die in den vergangenen Tagen &amp; Wochen mit f\u00fcr den Rahmen dieses denkw\u00fcrdigen Abends gesorgt hatte, sich und den ersten Pott f\u00fcr den RFK!<\/b><\/p>\n<p>Nach Bierdusche und Polonaise lies es sich der \u201eKing\u201c nicht nehmen h\u00f6chstpers\u00f6nlich mit Ilse, Sch\u00f6ppic, Schefer und Haj\u00f6 den Pokal zu pr\u00e4sentieren. Danke MSV, Danke King, Danke f\u00fcr den ersten Pott des RFK. Und Danke f\u00fcr eine rauschende Pokalnacht!<\/p>\n<p>&nbsp;<\/p>\n<div id='gallery-1' class='gallery galleryid-915 gallery-columns-3 gallery-size-thumbnail'><dl class='gallery-item'>\n\t\t\t<dt class='gallery-icon portrait'>\n\t\t\t\t<a href='http:\/\/rfk-nuernberg.de\/WordPress\/2014\/05\/16\/rfk-holt-ersten-pott-und-24-000-feiern-mit\/rfk-holt-den-ersten-pott_001\/'><img loading=\"lazy\" decoding=\"async\" width=\"150\" height=\"150\" src=\"http:\/\/rfk-nuernberg.de\/WordPress\/wp-content\/uploads\/2014\/05\/RFK-holt-den-ersten-Pott_001-150x150.jpg\" class=\"attachment-thumbnail size-thumbnail\" alt=\"\" \/><\/a>\n\t\t\t<\/dt><\/dl><dl class='gallery-item'>\n\t\t\t<dt class='gallery-icon landscape'>\n\t\t\t\t<a href='http:\/\/rfk-nuernberg.de\/WordPress\/2014\/05\/16\/rfk-holt-ersten-pott-und-24-000-feiern-mit\/rfk-holt-den-ersten-pott_002\/'><img loading=\"lazy\" decoding=\"async\" width=\"150\" height=\"150\" src=\"http:\/\/rfk-nuernberg.de\/WordPress\/wp-content\/uploads\/2014\/05\/RFK-holt-den-ersten-Pott_002-150x150.jpg\" class=\"attachment-thumbnail size-thumbnail\" alt=\"\" \/><\/a>\n\t\t\t<\/dt><\/dl><dl class='gallery-item'>\n\t\t\t<dt class='gallery-icon landscape'>\n\t\t\t\t<a href='http:\/\/rfk-nuernberg.de\/WordPress\/2014\/05\/16\/rfk-holt-ersten-pott-und-24-000-feiern-mit\/rfk-holt-den-ersten-pott_003\/'><img loading=\"lazy\" decoding=\"async\" width=\"150\" height=\"150\" src=\"http:\/\/rfk-nuernberg.de\/WordPress\/wp-content\/uploads\/2014\/05\/RFK-holt-den-ersten-Pott_003-150x150.jpg\" class=\"attachment-thumbnail size-thumbnail\" alt=\"\" \/><\/a>\n\t\t\t<\/dt><\/dl><br style=\"clear: both\" \/><dl class='gallery-item'>\n\t\t\t<dt class='gallery-icon landscape'>\n\t\t\t\t<a href='http:\/\/rfk-nuernberg.de\/WordPress\/2014\/05\/16\/rfk-holt-ersten-pott-und-24-000-feiern-mit\/rfk-holt-den-ersten-pott_004\/'><img loading=\"lazy\" decoding=\"async\" width=\"150\" height=\"150\" src=\"http:\/\/rfk-nuernberg.de\/WordPress\/wp-content\/uploads\/2014\/05\/RFK-holt-den-ersten-Pott_004-150x150.jpg\" class=\"attachment-thumbnail size-thumbnail\" alt=\"\" \/><\/a>\n\t\t\t<\/dt><\/dl><dl class='gallery-item'>\n\t\t\t<dt class='gallery-icon landscape'>\n\t\t\t\t<a href='http:\/\/rfk-nuernberg.de\/WordPress\/2014\/05\/16\/rfk-holt-ersten-pott-und-24-000-feiern-mit\/rfk-holt-den-ersten-pott_005\/'><img loading=\"lazy\" decoding=\"async\" width=\"150\" height=\"150\" src=\"http:\/\/rfk-nuernberg.de\/WordPress\/wp-content\/uploads\/2014\/05\/RFK-holt-den-ersten-Pott_005-150x150.jpg\" class=\"attachment-thumbnail size-thumbnail\" alt=\"\" \/><\/a>\n\t\t\t<\/dt><\/dl><dl class='gallery-item'>\n\t\t\t<dt class='gallery-icon landscape'>\n\t\t\t\t<a href='http:\/\/rfk-nuernberg.de\/WordPress\/2014\/05\/16\/rfk-holt-ersten-pott-und-24-000-feiern-mit\/rfk-holt-den-ersten-pott_006\/'><img loading=\"lazy\" decoding=\"async\" width=\"150\" height=\"150\" src=\"http:\/\/rfk-nuernberg.de\/WordPress\/wp-content\/uploads\/2014\/05\/RFK-holt-den-ersten-Pott_006-150x150.jpg\" class=\"attachment-thumbnail size-thumbnail\" alt=\"\" \/><\/a>\n\t\t\t<\/dt><\/dl><br style=\"clear: both\" \/>\n\t\t<\/div>\n\n<p>&nbsp;<\/p>\n<p>&nbsp;<\/p>\n","protected":false},"excerpt":{"rendered":"<p>\u201eChampions League kann jeder, schei\u00df&#8216; auf erste Liga, Niederrheinpokal-Sieger &#8211; MSV!&#8220; so zelebrierten die Zebra-Fans nach dem 5:2-Sieg gegen den Oberligisten TV Jahn Hiesfeld den ersten Titelgewinn nach 27 Jahren \u2013 und mittendrin feierte die NRW-Fraktion des RFK, die in &hellip; <a href=\"http:\/\/rfk-nuernberg.de\/WordPress\/2014\/05\/16\/rfk-holt-ersten-pott-und-24-000-feiern-mit\/\">Weiterlesen <span class=\"meta-nav\">&rarr;<\/span><\/a><\/p>\n","protected":false},"author":8,"featured_media":0,"comment_status":"open","ping_status":"open","sticky":false,"template":"","format":"gallery","meta":{"footnotes":""},"categories":[31,27],"tags":[37,42,72,29,48,47],"class_list":["post-915","post","type-post","status-publish","format-gallery","hentry","category-allgemein","category-fun-event","tag-hajo","tag-ilse","tag-niederrhein-pokal","tag-party","tag-schefer","tag-schoppic","post_format-post-format-gallery"],"_links":{"self":[{"href":"http:\/\/rfk-nuernberg.de\/WordPress\/wp-json\/wp\/v2\/posts\/915","targetHints":{"allow":["GET"]}}],"collection":[{"href":"http:\/\/rfk-nuernberg.de\/WordPress\/wp-json\/wp\/v2\/posts"}],"about":[{"href":"http:\/\/rfk-nuernberg.de\/WordPress\/wp-json\/wp\/v2\/types\/post"}],"author":[{"embeddable":true,"href":"http:\/\/rfk-nuernberg.de\/WordPress\/wp-json\/wp\/v2\/users\/8"}],"replies":[{"embeddable":true,"href":"http:\/\/rfk-nuernberg.de\/WordPress\/wp-json\/wp\/v2\/comments?post=915"}],"version-history":[{"count":21,"href":"http:\/\/rfk-nuernberg.de\/WordPress\/wp-json\/wp\/v2\/posts\/915\/revisions"}],"predecessor-version":[{"id":942,"href":"http:\/\/rfk-nuernberg.de\/WordPress\/wp-json\/wp\/v2\/posts\/915\/revisions\/942"}],"wp:attachment":[{"href":"http:\/\/rfk-nuernberg.de\/WordPress\/wp-json\/wp\/v2\/media?parent=915"}],"wp:term":[{"taxonomy":"category","embeddable":true,"href":"http:\/\/rfk-nuernberg.de\/WordPress\/wp-json\/wp\/v2\/categories?post=915"},{"taxonomy":"post_tag","embeddable":true,"href":"http:\/\/rfk-nuernberg.de\/WordPress\/wp-json\/wp\/v2\/tags?post=915"}],"curies":[{"name":"wp","href":"https:\/\/api.w.org\/{rel}","templated":true}]}}