{"id":858,"date":"2014-04-08T23:08:06","date_gmt":"2014-04-08T21:08:06","guid":{"rendered":"http:\/\/rfk-nuernberg.de\/WordPress\/?p=858"},"modified":"2014-04-08T23:08:06","modified_gmt":"2014-04-08T21:08:06","slug":"rfk-on-tour-2-halbe-durch-deutschlands-hauptstadte","status":"publish","type":"post","link":"http:\/\/rfk-nuernberg.de\/WordPress\/2014\/04\/08\/rfk-on-tour-2-halbe-durch-deutschlands-hauptstadte\/","title":{"rendered":"RFK on tour: 2 \u201eHalbe\u201c durch Deutschlands Hauptst\u00e4dte"},"content":{"rendered":"<p><b>Das <\/b><b>Berlin\/Bonn-Gesetz vom 20. Juni 1991 regelte den Umzug von Bonn\u00a0<\/b><b>nach <\/b><b>Berlin und auch beim RFK sind die beiden Hauptst\u00e4dte seit einigen Jahren \u201egesetzt\u201c. W\u00e4hrend Aitsch und Micha am 30.03.2014 in Berlin ihre Fr\u00fchform unter Beweis stellten, m\u00fchte sich der Schefer eine Woche sp\u00e4ter in Bonn das Ergebnis vom CPC Loop in Den Haag zu best\u00e4tigen.<\/b><\/p>\n<p>Dass auch eine perfekte Vorbereitung mit Eriks Kochk\u00fcnsten keinen Rekordlauf garantiert, musste Tom am Morgen des 34. Vattenfall Berliner Halbmarathon erfahren. Fast schon traditionell geht ja in Berlin ein RFK-ler verloren und so war es in diesem Jahr unser Hauptst\u00e4dter, der den Weg an die Startlinie nicht schaffte. Davon unbeeindruckt drehten Aitsch und Micha\u00a0bei wunderbarem Laufwetter\u00a0ihre Runden und finishten in 01:28:41 bzw. 01:31.24 Stunden.<\/p>\n<p>Nicht ganz so schnell, aber nicht weniger engagiert ging der Schefer am 06. April in Bonn die 21,0975 km an. Wieder unter 2 Stunden zu finishen war das Ziel und nach 01:53:38 Stunden konnte der Schefer dann auch die wohlverdiente Medaille in Empfang nehmen.<\/p>\n<p>Der RFK freut sich \u00fcber zwei neue Stecknadeln auf der 2014er \u201eRFK World Tour\u201c-Karte und w\u00fcnscht den erfolgreichen Asphalt-Gazellen eine schnelle Regenerierung.<\/p>\n<p>&nbsp;<\/p>\n<div id='gallery-1' class='gallery galleryid-858 gallery-columns-3 gallery-size-thumbnail'><dl class='gallery-item'>\n\t\t\t<dt class='gallery-icon landscape'>\n\t\t\t\t<a href='http:\/\/rfk-nuernberg.de\/WordPress\/2014\/04\/08\/rfk-on-tour-2-halbe-durch-deutschlands-hauptstadte\/rfk-2-halbe_01\/'><img loading=\"lazy\" decoding=\"async\" width=\"150\" height=\"150\" src=\"http:\/\/rfk-nuernberg.de\/WordPress\/wp-content\/uploads\/2014\/04\/RFK-2-Halbe_01-150x150.jpg\" class=\"attachment-thumbnail size-thumbnail\" alt=\"\" \/><\/a>\n\t\t\t<\/dt><\/dl><dl class='gallery-item'>\n\t\t\t<dt class='gallery-icon portrait'>\n\t\t\t\t<a href='http:\/\/rfk-nuernberg.de\/WordPress\/2014\/04\/08\/rfk-on-tour-2-halbe-durch-deutschlands-hauptstadte\/rfk-2-halbe_02\/'><img loading=\"lazy\" decoding=\"async\" width=\"150\" height=\"150\" src=\"http:\/\/rfk-nuernberg.de\/WordPress\/wp-content\/uploads\/2014\/04\/RFK-2-Halbe_02-150x150.jpg\" class=\"attachment-thumbnail size-thumbnail\" alt=\"\" \/><\/a>\n\t\t\t<\/dt><\/dl><dl class='gallery-item'>\n\t\t\t<dt class='gallery-icon portrait'>\n\t\t\t\t<a href='http:\/\/rfk-nuernberg.de\/WordPress\/2014\/04\/08\/rfk-on-tour-2-halbe-durch-deutschlands-hauptstadte\/rfk-2-halbe_03\/'><img loading=\"lazy\" decoding=\"async\" width=\"150\" height=\"150\" src=\"http:\/\/rfk-nuernberg.de\/WordPress\/wp-content\/uploads\/2014\/04\/RFK-2-Halbe_03-150x150.jpg\" class=\"attachment-thumbnail size-thumbnail\" alt=\"\" \/><\/a>\n\t\t\t<\/dt><\/dl><br style=\"clear: both\" \/><dl class='gallery-item'>\n\t\t\t<dt class='gallery-icon portrait'>\n\t\t\t\t<a href='http:\/\/rfk-nuernberg.de\/WordPress\/2014\/04\/08\/rfk-on-tour-2-halbe-durch-deutschlands-hauptstadte\/rfk-2-halbe_04\/'><img loading=\"lazy\" decoding=\"async\" width=\"150\" height=\"150\" src=\"http:\/\/rfk-nuernberg.de\/WordPress\/wp-content\/uploads\/2014\/04\/RFK-2-Halbe_04-150x150.jpg\" class=\"attachment-thumbnail size-thumbnail\" alt=\"\" \/><\/a>\n\t\t\t<\/dt><\/dl><dl class='gallery-item'>\n\t\t\t<dt class='gallery-icon portrait'>\n\t\t\t\t<a href='http:\/\/rfk-nuernberg.de\/WordPress\/2014\/04\/08\/rfk-on-tour-2-halbe-durch-deutschlands-hauptstadte\/rfk-2-halbe_05\/'><img loading=\"lazy\" decoding=\"async\" width=\"150\" height=\"150\" src=\"http:\/\/rfk-nuernberg.de\/WordPress\/wp-content\/uploads\/2014\/04\/RFK-2-Halbe_05-150x150.jpg\" class=\"attachment-thumbnail size-thumbnail\" alt=\"\" \/><\/a>\n\t\t\t<\/dt><\/dl><dl class='gallery-item'>\n\t\t\t<dt class='gallery-icon portrait'>\n\t\t\t\t<a href='http:\/\/rfk-nuernberg.de\/WordPress\/2014\/04\/08\/rfk-on-tour-2-halbe-durch-deutschlands-hauptstadte\/rfk-2-halbe_06\/'><img loading=\"lazy\" decoding=\"async\" width=\"150\" height=\"150\" src=\"http:\/\/rfk-nuernberg.de\/WordPress\/wp-content\/uploads\/2014\/04\/RFK-2-Halbe_06-150x150.jpg\" class=\"attachment-thumbnail size-thumbnail\" alt=\"\" \/><\/a>\n\t\t\t<\/dt><\/dl><br style=\"clear: both\" \/><dl class='gallery-item'>\n\t\t\t<dt class='gallery-icon portrait'>\n\t\t\t\t<a href='http:\/\/rfk-nuernberg.de\/WordPress\/2014\/04\/08\/rfk-on-tour-2-halbe-durch-deutschlands-hauptstadte\/rfk-2-halbe_07\/'><img loading=\"lazy\" decoding=\"async\" width=\"150\" height=\"150\" src=\"http:\/\/rfk-nuernberg.de\/WordPress\/wp-content\/uploads\/2014\/04\/RFK-2-Halbe_07-150x150.jpg\" class=\"attachment-thumbnail size-thumbnail\" alt=\"\" \/><\/a>\n\t\t\t<\/dt><\/dl><dl class='gallery-item'>\n\t\t\t<dt class='gallery-icon portrait'>\n\t\t\t\t<a href='http:\/\/rfk-nuernberg.de\/WordPress\/2014\/04\/08\/rfk-on-tour-2-halbe-durch-deutschlands-hauptstadte\/rfk-2-halbe_08\/'><img loading=\"lazy\" decoding=\"async\" width=\"150\" height=\"150\" src=\"http:\/\/rfk-nuernberg.de\/WordPress\/wp-content\/uploads\/2014\/04\/RFK-2-Halbe_08-150x150.jpg\" class=\"attachment-thumbnail size-thumbnail\" alt=\"\" \/><\/a>\n\t\t\t<\/dt><\/dl><dl class='gallery-item'>\n\t\t\t<dt class='gallery-icon portrait'>\n\t\t\t\t<a href='http:\/\/rfk-nuernberg.de\/WordPress\/2014\/04\/08\/rfk-on-tour-2-halbe-durch-deutschlands-hauptstadte\/rfk-2-halbe_09\/'><img loading=\"lazy\" decoding=\"async\" width=\"150\" height=\"150\" src=\"http:\/\/rfk-nuernberg.de\/WordPress\/wp-content\/uploads\/2014\/04\/RFK-2-Halbe_09-150x150.jpg\" class=\"attachment-thumbnail size-thumbnail\" alt=\"\" \/><\/a>\n\t\t\t<\/dt><\/dl><br style=\"clear: both\" \/>\n\t\t<\/div>\n\n","protected":false},"excerpt":{"rendered":"<p>Das Berlin\/Bonn-Gesetz vom 20. Juni 1991 regelte den Umzug von Bonn\u00a0nach Berlin und auch beim RFK sind die beiden Hauptst\u00e4dte seit einigen Jahren \u201egesetzt\u201c. W\u00e4hrend Aitsch und Micha am 30.03.2014 in Berlin ihre Fr\u00fchform unter Beweis stellten, m\u00fchte sich der &hellip; <a href=\"http:\/\/rfk-nuernberg.de\/WordPress\/2014\/04\/08\/rfk-on-tour-2-halbe-durch-deutschlands-hauptstadte\/\">Weiterlesen <span class=\"meta-nav\">&rarr;<\/span><\/a><\/p>\n","protected":false},"author":8,"featured_media":0,"comment_status":"open","ping_status":"open","sticky":false,"template":"","format":"gallery","meta":{"footnotes":""},"categories":[31,14],"tags":[49,12,69,60,9,48,68],"class_list":["post-858","post","type-post","status-publish","format-gallery","hentry","category-allgemein","category-run-event","tag-aitsch","tag-berlin","tag-bonn","tag-halbmarathon","tag-micha","tag-schefer","tag-tom","post_format-post-format-gallery"],"_links":{"self":[{"href":"http:\/\/rfk-nuernberg.de\/WordPress\/wp-json\/wp\/v2\/posts\/858","targetHints":{"allow":["GET"]}}],"collection":[{"href":"http:\/\/rfk-nuernberg.de\/WordPress\/wp-json\/wp\/v2\/posts"}],"about":[{"href":"http:\/\/rfk-nuernberg.de\/WordPress\/wp-json\/wp\/v2\/types\/post"}],"author":[{"embeddable":true,"href":"http:\/\/rfk-nuernberg.de\/WordPress\/wp-json\/wp\/v2\/users\/8"}],"replies":[{"embeddable":true,"href":"http:\/\/rfk-nuernberg.de\/WordPress\/wp-json\/wp\/v2\/comments?post=858"}],"version-history":[{"count":8,"href":"http:\/\/rfk-nuernberg.de\/WordPress\/wp-json\/wp\/v2\/posts\/858\/revisions"}],"predecessor-version":[{"id":875,"href":"http:\/\/rfk-nuernberg.de\/WordPress\/wp-json\/wp\/v2\/posts\/858\/revisions\/875"}],"wp:attachment":[{"href":"http:\/\/rfk-nuernberg.de\/WordPress\/wp-json\/wp\/v2\/media?parent=858"}],"wp:term":[{"taxonomy":"category","embeddable":true,"href":"http:\/\/rfk-nuernberg.de\/WordPress\/wp-json\/wp\/v2\/categories?post=858"},{"taxonomy":"post_tag","embeddable":true,"href":"http:\/\/rfk-nuernberg.de\/WordPress\/wp-json\/wp\/v2\/tags?post=858"}],"curies":[{"name":"wp","href":"https:\/\/api.w.org\/{rel}","templated":true}]}}