{"id":715,"date":"2014-03-23T17:35:09","date_gmt":"2014-03-23T16:35:09","guid":{"rendered":"http:\/\/rfk-nuernberg.de\/WordPress\/?p=715"},"modified":"2014-03-23T17:45:19","modified_gmt":"2014-03-23T16:45:19","slug":"ein-kleiner-klub-erobert-die-welt","status":"publish","type":"post","link":"http:\/\/rfk-nuernberg.de\/WordPress\/2014\/03\/23\/ein-kleiner-klub-erobert-die-welt\/","title":{"rendered":"Ein kleiner Klub erobert die Welt"},"content":{"rendered":"<p><b>Es war einmal vor (nicht allzu) langer Zeit, da schlossen sich einige positiv Verr\u00fcckte zu einem Klub zusammen und schworen sich die gemeinsame Vergangenheit weiterleben zu lassen, sich auch in Zukunft nicht aus den Augen zu verlieren, Dinge gemeinsam zu erleben und die Farben ihres gemeinsamen Daseins in die Welt hinaus zu tragen.<\/b><\/p>\n<p>Inzwischen z\u00e4hlt der <b>\u201eRun &amp; Fun Klub\u201c<\/b> stolze 14 Mitglieder und kann auf ein 5-j\u00e4hriges Bestehen zur\u00fcckblicken. Traditionell in N\u00fcrnberg verwurzelt trifft man sich dort einmal im Jahr, um auf dem Christkindlesmarkt den einen oder anderen Gl\u00fchwein gemeinsam zu schl\u00fcrfen. Dar\u00fcber hinaus ist sowohl der N\u00fcrnberger Stadtlauf als auch der Silvesterlauf rund um den W\u00f6hrder See fester Bestandteil des RFK-Kalenders.<\/p>\n<p><i>Gemeinsam Spa\u00df haben<\/i> steht ganz oben auf der Agenda der RFK-ler und so verwundert es nicht, dass regelm\u00e4\u00dfig versucht wird ein Run- oder Fun-Event irgendwo in der Welt gemeinsam zu zelebrieren. Das kann rund um den Kirchturm geschehen, bspw. in so bezaubernden St\u00e4dten wie Erlangen oder Forchheim, aber auch in Metropolen wie Berlin, Madrid oder London.<\/p>\n<p>Wenn es mal nicht anders passt, gehen die RFK-ler aber auch alleine (oder mit anderen Freunden) an den Start und tragen die Farben des Klubs in die Welt. F\u00fcr eine \u201eStecknadel auf der Landkarte\u201c ist ihnen kein Weg zu weit und so \u201esammelten\u201c sie alleine in den letzten Wochen und Monaten St\u00e4dte wie Frankfurt, Bellinzona, M\u00fcnchen, New York, Dinslaken, Z\u00fcrich, Hamburg, San Francisco, K\u00f6ln, Barcelona, Neumarkt oder Den Haag ein.<\/p>\n<p>Das alles macht Lust auf mehr und so werden die RFK-ler in ihrem Jubil\u00e4umsjahr alles daran setzen, die Welt weiter zu erobern. Geplant ist eine <b>\u201eRFK World Tour 2014\u201c<\/b> mit Stationen in Brasilien bei der FIFA Fu\u00dfball-WM sowie beim weltber\u00fchmten Marathon in New York City.<\/p>\n<p>Wie sich diese Tour und der Klub entwickeln, erfahrt Ihr hier auf unserer Homepage.<\/p>\n<p>Also: <b>Stay tuned!<\/b><\/p>\n<p>&nbsp;<\/p>\n<div id='gallery-1' class='gallery galleryid-715 gallery-columns-3 gallery-size-thumbnail'><dl class='gallery-item'>\n\t\t\t<dt class='gallery-icon landscape'>\n\t\t\t\t<a href='http:\/\/rfk-nuernberg.de\/WordPress\/2014\/03\/23\/ein-kleiner-klub-erobert-die-welt\/bild-01_jublilaumslogo\/'><img loading=\"lazy\" decoding=\"async\" width=\"150\" height=\"150\" src=\"http:\/\/rfk-nuernberg.de\/WordPress\/wp-content\/uploads\/2014\/01\/Bild-01_Jublil\u00e4umslogo-150x150.jpg\" class=\"attachment-thumbnail size-thumbnail\" alt=\"\" \/><\/a>\n\t\t\t<\/dt><\/dl><dl class='gallery-item'>\n\t\t\t<dt class='gallery-icon portrait'>\n\t\t\t\t<a href='http:\/\/rfk-nuernberg.de\/WordPress\/2014\/03\/23\/ein-kleiner-klub-erobert-die-welt\/bild-02_2012_12-adrian-und-fritz-in-nurnberg\/'><img loading=\"lazy\" decoding=\"async\" width=\"150\" height=\"150\" src=\"http:\/\/rfk-nuernberg.de\/WordPress\/wp-content\/uploads\/2014\/01\/Bild-02_2012_12-Adrian-und-Fritz-in-N\u00fcrnberg-150x150.jpg\" class=\"attachment-thumbnail size-thumbnail\" alt=\"\" \/><\/a>\n\t\t\t<\/dt><\/dl><dl class='gallery-item'>\n\t\t\t<dt class='gallery-icon landscape'>\n\t\t\t\t<a href='http:\/\/rfk-nuernberg.de\/WordPress\/2014\/03\/23\/ein-kleiner-klub-erobert-die-welt\/bild-03_2013_01-schoppic-und-schefer-in-aspendos-turkei\/'><img loading=\"lazy\" decoding=\"async\" width=\"150\" height=\"150\" src=\"http:\/\/rfk-nuernberg.de\/WordPress\/wp-content\/uploads\/2014\/01\/Bild-03_2013_01-Sch\u00f6ppic-und-Schefer-in-Aspendos-T\u00fcrkei-150x150.jpg\" class=\"attachment-thumbnail size-thumbnail\" alt=\"\" \/><\/a>\n\t\t\t<\/dt><\/dl><br style=\"clear: both\" \/><dl class='gallery-item'>\n\t\t\t<dt class='gallery-icon portrait'>\n\t\t\t\t<a href='http:\/\/rfk-nuernberg.de\/WordPress\/2014\/03\/23\/ein-kleiner-klub-erobert-die-welt\/bild-04_2013_03-aitsch-in-nyc-usa\/'><img loading=\"lazy\" decoding=\"async\" width=\"150\" height=\"150\" src=\"http:\/\/rfk-nuernberg.de\/WordPress\/wp-content\/uploads\/2014\/01\/Bild-04_2013_03-Aitsch-in-NYC-USA-150x150.jpg\" class=\"attachment-thumbnail size-thumbnail\" alt=\"\" \/><\/a>\n\t\t\t<\/dt><\/dl><dl class='gallery-item'>\n\t\t\t<dt class='gallery-icon portrait'>\n\t\t\t\t<a href='http:\/\/rfk-nuernberg.de\/WordPress\/2014\/03\/23\/ein-kleiner-klub-erobert-die-welt\/bild-05_2013_03-micha-und-tom-in-berlin\/'><img loading=\"lazy\" decoding=\"async\" width=\"150\" height=\"150\" src=\"http:\/\/rfk-nuernberg.de\/WordPress\/wp-content\/uploads\/2014\/01\/Bild-05_2013_03-Micha-und-Tom-in-Berlin-150x150.jpg\" class=\"attachment-thumbnail size-thumbnail\" alt=\"\" \/><\/a>\n\t\t\t<\/dt><\/dl><dl class='gallery-item'>\n\t\t\t<dt class='gallery-icon landscape'>\n\t\t\t\t<a href='http:\/\/rfk-nuernberg.de\/WordPress\/2014\/03\/23\/ein-kleiner-klub-erobert-die-welt\/bild-06_2013_05-ilse-schoppic-und-schefer-in-london-uk_cl-finale\/'><img loading=\"lazy\" decoding=\"async\" width=\"150\" height=\"150\" src=\"http:\/\/rfk-nuernberg.de\/WordPress\/wp-content\/uploads\/2014\/01\/Bild-06_2013_05-Ilse-Sch\u00f6ppic-und-Schefer-in-London-UK_CL-Finale-150x150.jpg\" class=\"attachment-thumbnail size-thumbnail\" alt=\"\" \/><\/a>\n\t\t\t<\/dt><\/dl><br style=\"clear: both\" \/><dl class='gallery-item'>\n\t\t\t<dt class='gallery-icon landscape'>\n\t\t\t\t<a href='http:\/\/rfk-nuernberg.de\/WordPress\/2014\/03\/23\/ein-kleiner-klub-erobert-die-welt\/bild-07_2013_05-ilse-schoppic-und-schefer-in-london-uk_bupa-10k\/'><img loading=\"lazy\" decoding=\"async\" width=\"150\" height=\"150\" src=\"http:\/\/rfk-nuernberg.de\/WordPress\/wp-content\/uploads\/2014\/01\/Bild-07_2013_05-Ilse-Sch\u00f6ppic-und-Schefer-in-London-UK_bupa-10k-150x150.jpg\" class=\"attachment-thumbnail size-thumbnail\" alt=\"\" \/><\/a>\n\t\t\t<\/dt><\/dl><dl class='gallery-item'>\n\t\t\t<dt class='gallery-icon landscape'>\n\t\t\t\t<a href='http:\/\/rfk-nuernberg.de\/WordPress\/2014\/03\/23\/ein-kleiner-klub-erobert-die-welt\/bild-08_2013_05-schefer-auf-mallorca-spanien\/'><img loading=\"lazy\" decoding=\"async\" width=\"150\" height=\"150\" src=\"http:\/\/rfk-nuernberg.de\/WordPress\/wp-content\/uploads\/2014\/01\/Bild-08_2013_05-Schefer-auf-Mallorca-Spanien-150x150.jpg\" class=\"attachment-thumbnail size-thumbnail\" alt=\"\" \/><\/a>\n\t\t\t<\/dt><\/dl><dl class='gallery-item'>\n\t\t\t<dt class='gallery-icon landscape'>\n\t\t\t\t<a href='http:\/\/rfk-nuernberg.de\/WordPress\/2014\/03\/23\/ein-kleiner-klub-erobert-die-welt\/bild-09_2013_05-schefer-in-koln\/'><img loading=\"lazy\" decoding=\"async\" width=\"150\" height=\"150\" src=\"http:\/\/rfk-nuernberg.de\/WordPress\/wp-content\/uploads\/2014\/01\/Bild-09_2013_05-Schefer-in-K\u00f6ln-150x150.jpg\" class=\"attachment-thumbnail size-thumbnail\" alt=\"\" \/><\/a>\n\t\t\t<\/dt><\/dl><br style=\"clear: both\" \/><dl class='gallery-item'>\n\t\t\t<dt class='gallery-icon landscape'>\n\t\t\t\t<a href='http:\/\/rfk-nuernberg.de\/WordPress\/2014\/03\/23\/ein-kleiner-klub-erobert-die-welt\/bild-10_2013_06-schweizer-franke-in-bellinzona-schweiz\/'><img loading=\"lazy\" decoding=\"async\" width=\"150\" height=\"150\" src=\"http:\/\/rfk-nuernberg.de\/WordPress\/wp-content\/uploads\/2014\/01\/Bild-10_2013_06-Schweizer-Franke-in-Bellinzona-Schweiz-150x150.jpg\" class=\"attachment-thumbnail size-thumbnail\" alt=\"\" \/><\/a>\n\t\t\t<\/dt><\/dl><dl class='gallery-item'>\n\t\t\t<dt class='gallery-icon landscape'>\n\t\t\t\t<a href='http:\/\/rfk-nuernberg.de\/WordPress\/2014\/03\/23\/ein-kleiner-klub-erobert-die-welt\/bild-11_2013_07-tina-und-schefer-in-zurich-schweiz\/'><img loading=\"lazy\" decoding=\"async\" width=\"150\" height=\"150\" src=\"http:\/\/rfk-nuernberg.de\/WordPress\/wp-content\/uploads\/2014\/01\/Bild-11_2013_07-Tina-und-Schefer-in-Z\u00fcrich-Schweiz-150x150.jpg\" class=\"attachment-thumbnail size-thumbnail\" alt=\"\" \/><\/a>\n\t\t\t<\/dt><\/dl><dl class='gallery-item'>\n\t\t\t<dt class='gallery-icon landscape'>\n\t\t\t\t<a href='http:\/\/rfk-nuernberg.de\/WordPress\/2014\/03\/23\/ein-kleiner-klub-erobert-die-welt\/bild-12_2013_09-micha-in-zell-am-see-osterreich\/'><img loading=\"lazy\" decoding=\"async\" width=\"150\" height=\"150\" src=\"http:\/\/rfk-nuernberg.de\/WordPress\/wp-content\/uploads\/2014\/01\/Bild-12_2013_09-Micha-in-Zell-am-See-\u00d6sterreich-150x150.jpg\" class=\"attachment-thumbnail size-thumbnail\" alt=\"\" \/><\/a>\n\t\t\t<\/dt><\/dl><br style=\"clear: both\" \/><dl class='gallery-item'>\n\t\t\t<dt class='gallery-icon landscape'>\n\t\t\t\t<a href='http:\/\/rfk-nuernberg.de\/WordPress\/2014\/03\/23\/ein-kleiner-klub-erobert-die-welt\/bild-13_2013_09-schefer-in-remich-luxembourg\/'><img loading=\"lazy\" decoding=\"async\" width=\"150\" height=\"150\" src=\"http:\/\/rfk-nuernberg.de\/WordPress\/wp-content\/uploads\/2014\/01\/Bild-13_2013_09-Schefer-in-Remich-Luxembourg-150x150.jpg\" class=\"attachment-thumbnail size-thumbnail\" alt=\"\" \/><\/a>\n\t\t\t<\/dt><\/dl><dl class='gallery-item'>\n\t\t\t<dt class='gallery-icon portrait'>\n\t\t\t\t<a href='http:\/\/rfk-nuernberg.de\/WordPress\/2014\/03\/23\/ein-kleiner-klub-erobert-die-welt\/bild-14_2013_09-schmittie-in-neumarkt\/'><img loading=\"lazy\" decoding=\"async\" width=\"150\" height=\"150\" src=\"http:\/\/rfk-nuernberg.de\/WordPress\/wp-content\/uploads\/2014\/01\/Bild-14_2013_09-Schmittie-in-Neumarkt-150x150.jpg\" class=\"attachment-thumbnail size-thumbnail\" alt=\"\" \/><\/a>\n\t\t\t<\/dt><\/dl><dl class='gallery-item'>\n\t\t\t<dt class='gallery-icon landscape'>\n\t\t\t\t<a href='http:\/\/rfk-nuernberg.de\/WordPress\/2014\/03\/23\/ein-kleiner-klub-erobert-die-welt\/bild-15_2013_10-micha-und-aitsch-in-munchen\/'><img loading=\"lazy\" decoding=\"async\" width=\"150\" height=\"150\" src=\"http:\/\/rfk-nuernberg.de\/WordPress\/wp-content\/uploads\/2014\/01\/Bild-15_2013_10-Micha-und-Aitsch-in-M\u00fcnchen-150x150.jpg\" class=\"attachment-thumbnail size-thumbnail\" alt=\"\" \/><\/a>\n\t\t\t<\/dt><\/dl><br style=\"clear: both\" \/><dl class='gallery-item'>\n\t\t\t<dt class='gallery-icon portrait'>\n\t\t\t\t<a href='http:\/\/rfk-nuernberg.de\/WordPress\/2014\/03\/23\/ein-kleiner-klub-erobert-die-welt\/bild-16_2013_10-schmittie-in-nurnberg\/'><img loading=\"lazy\" decoding=\"async\" width=\"150\" height=\"150\" src=\"http:\/\/rfk-nuernberg.de\/WordPress\/wp-content\/uploads\/2014\/01\/Bild-16_2013_10-Schmittie-in-N\u00fcrnberg-150x150.jpg\" class=\"attachment-thumbnail size-thumbnail\" alt=\"\" \/><\/a>\n\t\t\t<\/dt><\/dl><dl class='gallery-item'>\n\t\t\t<dt class='gallery-icon portrait'>\n\t\t\t\t<a href='http:\/\/rfk-nuernberg.de\/WordPress\/2014\/03\/23\/ein-kleiner-klub-erobert-die-welt\/bild-17_2013_10-schoppic-in-frankfurt\/'><img loading=\"lazy\" decoding=\"async\" width=\"150\" height=\"150\" src=\"http:\/\/rfk-nuernberg.de\/WordPress\/wp-content\/uploads\/2014\/01\/Bild-17_2013_10-Sch\u00f6ppic-in-Frankfurt-150x150.jpg\" class=\"attachment-thumbnail size-thumbnail\" alt=\"\" \/><\/a>\n\t\t\t<\/dt><\/dl><dl class='gallery-item'>\n\t\t\t<dt class='gallery-icon portrait'>\n\t\t\t\t<a href='http:\/\/rfk-nuernberg.de\/WordPress\/2014\/03\/23\/ein-kleiner-klub-erobert-die-welt\/bild-18_2013_10-schoppic-und-schefer-in-frankfurt\/'><img loading=\"lazy\" decoding=\"async\" width=\"150\" height=\"150\" src=\"http:\/\/rfk-nuernberg.de\/WordPress\/wp-content\/uploads\/2014\/01\/Bild-18_2013_10-Sch\u00f6ppic-und-Schefer-in-Frankfurt-150x150.jpg\" class=\"attachment-thumbnail size-thumbnail\" alt=\"\" \/><\/a>\n\t\t\t<\/dt><\/dl><br style=\"clear: both\" \/><dl class='gallery-item'>\n\t\t\t<dt class='gallery-icon landscape'>\n\t\t\t\t<a href='http:\/\/rfk-nuernberg.de\/WordPress\/2014\/03\/23\/ein-kleiner-klub-erobert-die-welt\/bild-19_2013_11-aitsch-in-san-francisco-usa\/'><img loading=\"lazy\" decoding=\"async\" width=\"150\" height=\"150\" src=\"http:\/\/rfk-nuernberg.de\/WordPress\/wp-content\/uploads\/2014\/01\/Bild-19_2013_11-Aitsch-in-San-Francisco-USA-150x150.jpg\" class=\"attachment-thumbnail size-thumbnail\" alt=\"\" \/><\/a>\n\t\t\t<\/dt><\/dl><dl class='gallery-item'>\n\t\t\t<dt class='gallery-icon landscape'>\n\t\t\t\t<a href='http:\/\/rfk-nuernberg.de\/WordPress\/2014\/03\/23\/ein-kleiner-klub-erobert-die-welt\/bild-20_2013_11-aitsch-in-san-francisco-usa\/'><img loading=\"lazy\" decoding=\"async\" width=\"150\" height=\"150\" src=\"http:\/\/rfk-nuernberg.de\/WordPress\/wp-content\/uploads\/2014\/01\/Bild-20_2013_11-Aitsch-in-San-Francisco-USA-150x150.jpg\" class=\"attachment-thumbnail size-thumbnail\" alt=\"\" \/><\/a>\n\t\t\t<\/dt><\/dl><dl class='gallery-item'>\n\t\t\t<dt class='gallery-icon landscape'>\n\t\t\t\t<a href='http:\/\/rfk-nuernberg.de\/WordPress\/2014\/03\/23\/ein-kleiner-klub-erobert-die-welt\/bild-21_2013_11-aitsch-in-san-francisco-usa\/'><img loading=\"lazy\" decoding=\"async\" width=\"150\" height=\"150\" src=\"http:\/\/rfk-nuernberg.de\/WordPress\/wp-content\/uploads\/2014\/01\/Bild-21_2013_11-Aitsch-in-San-Francisco-USA-150x150.jpg\" class=\"attachment-thumbnail size-thumbnail\" alt=\"\" \/><\/a>\n\t\t\t<\/dt><\/dl><br style=\"clear: both\" \/><dl class='gallery-item'>\n\t\t\t<dt class='gallery-icon landscape'>\n\t\t\t\t<a href='http:\/\/rfk-nuernberg.de\/WordPress\/2014\/03\/23\/ein-kleiner-klub-erobert-die-welt\/bild-22_2013_11-aitsch-in-san-francisco-usa\/'><img loading=\"lazy\" decoding=\"async\" width=\"150\" height=\"150\" src=\"http:\/\/rfk-nuernberg.de\/WordPress\/wp-content\/uploads\/2014\/01\/Bild-22_2013_11-Aitsch-in-San-Francisco-USA-150x150.jpg\" class=\"attachment-thumbnail size-thumbnail\" alt=\"\" \/><\/a>\n\t\t\t<\/dt><\/dl><dl class='gallery-item'>\n\t\t\t<dt class='gallery-icon landscape'>\n\t\t\t\t<a href='http:\/\/rfk-nuernberg.de\/WordPress\/2014\/03\/23\/ein-kleiner-klub-erobert-die-welt\/bild-23_2013_11-aitsch-beim-nurnberger-indoor-halbmarathon\/'><img loading=\"lazy\" decoding=\"async\" width=\"150\" height=\"150\" src=\"http:\/\/rfk-nuernberg.de\/WordPress\/wp-content\/uploads\/2014\/01\/Bild-23_2013_11-Aitsch-beim-N\u00fcrnberger-Indoor-Halbmarathon-150x150.jpg\" class=\"attachment-thumbnail size-thumbnail\" alt=\"\" \/><\/a>\n\t\t\t<\/dt><\/dl><dl class='gallery-item'>\n\t\t\t<dt class='gallery-icon portrait'>\n\t\t\t\t<a href='http:\/\/rfk-nuernberg.de\/WordPress\/2014\/03\/23\/ein-kleiner-klub-erobert-die-welt\/bild-24_2013_12-micha-und-aitsch-in-forchheim\/'><img loading=\"lazy\" decoding=\"async\" width=\"150\" height=\"150\" src=\"http:\/\/rfk-nuernberg.de\/WordPress\/wp-content\/uploads\/2014\/01\/Bild-24_2013_12-Micha-und-Aitsch-in-Forchheim-150x150.jpg\" class=\"attachment-thumbnail size-thumbnail\" alt=\"\" \/><\/a>\n\t\t\t<\/dt><\/dl><br style=\"clear: both\" \/><dl class='gallery-item'>\n\t\t\t<dt class='gallery-icon portrait'>\n\t\t\t\t<a href='http:\/\/rfk-nuernberg.de\/WordPress\/2014\/03\/23\/ein-kleiner-klub-erobert-die-welt\/bild-25_2013_12-schmittie-und-schefer-in-forchheim\/'><img loading=\"lazy\" decoding=\"async\" width=\"150\" height=\"150\" src=\"http:\/\/rfk-nuernberg.de\/WordPress\/wp-content\/uploads\/2014\/01\/Bild-25_2013_12-Schmittie-und-Schefer-in-Forchheim-150x150.jpg\" class=\"attachment-thumbnail size-thumbnail\" alt=\"\" \/><\/a>\n\t\t\t<\/dt><\/dl><dl class='gallery-item'>\n\t\t\t<dt class='gallery-icon portrait'>\n\t\t\t\t<a href='http:\/\/rfk-nuernberg.de\/WordPress\/2014\/03\/23\/ein-kleiner-klub-erobert-die-welt\/bild-26_2013_12-der-rfk-in-forchheim\/'><img loading=\"lazy\" decoding=\"async\" width=\"150\" height=\"150\" src=\"http:\/\/rfk-nuernberg.de\/WordPress\/wp-content\/uploads\/2014\/01\/Bild-26_2013_12-Der-RFK-in-Forchheim-150x150.jpg\" class=\"attachment-thumbnail size-thumbnail\" alt=\"\" \/><\/a>\n\t\t\t<\/dt><\/dl><dl class='gallery-item'>\n\t\t\t<dt class='gallery-icon landscape'>\n\t\t\t\t<a href='http:\/\/rfk-nuernberg.de\/WordPress\/2014\/03\/23\/ein-kleiner-klub-erobert-die-welt\/bild-27_2013_12-micha-und-obi-in-madonna-die-campiglio-italien\/'><img loading=\"lazy\" decoding=\"async\" width=\"150\" height=\"150\" src=\"http:\/\/rfk-nuernberg.de\/WordPress\/wp-content\/uploads\/2014\/01\/Bild-27_2013_12-Micha-und-Obi-in-Madonna-die-Campiglio-Italien-150x150.jpg\" class=\"attachment-thumbnail size-thumbnail\" alt=\"\" \/><\/a>\n\t\t\t<\/dt><\/dl><br style=\"clear: both\" \/><dl class='gallery-item'>\n\t\t\t<dt class='gallery-icon landscape'>\n\t\t\t\t<a href='http:\/\/rfk-nuernberg.de\/WordPress\/2014\/03\/23\/ein-kleiner-klub-erobert-die-welt\/bild-28_2014_01-micha-in-kersbach\/'><img loading=\"lazy\" decoding=\"async\" width=\"150\" height=\"150\" src=\"http:\/\/rfk-nuernberg.de\/WordPress\/wp-content\/uploads\/2014\/01\/Bild-28_2014_01-Micha-in-Kersbach-150x150.jpg\" class=\"attachment-thumbnail size-thumbnail\" alt=\"\" \/><\/a>\n\t\t\t<\/dt><\/dl><dl class='gallery-item'>\n\t\t\t<dt class='gallery-icon landscape'>\n\t\t\t\t<a href='http:\/\/rfk-nuernberg.de\/WordPress\/2014\/03\/23\/ein-kleiner-klub-erobert-die-welt\/bild-29_2014_02-aitsch-in-barcelona-spanien\/'><img loading=\"lazy\" decoding=\"async\" width=\"150\" height=\"150\" src=\"http:\/\/rfk-nuernberg.de\/WordPress\/wp-content\/uploads\/2014\/01\/Bild-29_2014_02-Aitsch-in-Barcelona-Spanien-150x150.jpg\" class=\"attachment-thumbnail size-thumbnail\" alt=\"\" \/><\/a>\n\t\t\t<\/dt><\/dl><dl class='gallery-item'>\n\t\t\t<dt class='gallery-icon landscape'>\n\t\t\t\t<a href='http:\/\/rfk-nuernberg.de\/WordPress\/2014\/03\/23\/ein-kleiner-klub-erobert-die-welt\/bild-30_2014_02-aitsch-und-tom-in-barcelona-spanien\/'><img loading=\"lazy\" decoding=\"async\" width=\"150\" height=\"150\" src=\"http:\/\/rfk-nuernberg.de\/WordPress\/wp-content\/uploads\/2014\/01\/Bild-30_2014_02-Aitsch-und-Tom-in-Barcelona-Spanien-150x150.jpg\" class=\"attachment-thumbnail size-thumbnail\" alt=\"\" \/><\/a>\n\t\t\t<\/dt><\/dl><br style=\"clear: both\" \/><dl class='gallery-item'>\n\t\t\t<dt class='gallery-icon portrait'>\n\t\t\t\t<a href='http:\/\/rfk-nuernberg.de\/WordPress\/2014\/03\/23\/ein-kleiner-klub-erobert-die-welt\/bild-31_2014_03-schefer-in-den-haag-niederlande_rfk-world-tour\/'><img loading=\"lazy\" decoding=\"async\" width=\"150\" height=\"150\" src=\"http:\/\/rfk-nuernberg.de\/WordPress\/wp-content\/uploads\/2014\/01\/Bild-31_2014_03-Schefer-in-Den-Haag-Niederlande_RFK-World-Tour-150x150.jpg\" class=\"attachment-thumbnail size-thumbnail\" alt=\"\" \/><\/a>\n\t\t\t<\/dt><\/dl><dl class='gallery-item'>\n\t\t\t<dt class='gallery-icon landscape'>\n\t\t\t\t<a href='http:\/\/rfk-nuernberg.de\/WordPress\/2014\/03\/23\/ein-kleiner-klub-erobert-die-welt\/bild-32_2014_03-schefer-in-den-haag-niederlande\/'><img loading=\"lazy\" decoding=\"async\" width=\"150\" height=\"150\" src=\"http:\/\/rfk-nuernberg.de\/WordPress\/wp-content\/uploads\/2014\/01\/Bild-32_2014_03-Schefer-in-Den-Haag-Niederlande-150x150.jpg\" class=\"attachment-thumbnail size-thumbnail\" alt=\"\" \/><\/a>\n\t\t\t<\/dt><\/dl><dl class='gallery-item'>\n\t\t\t<dt class='gallery-icon portrait'>\n\t\t\t\t<a href='http:\/\/rfk-nuernberg.de\/WordPress\/2014\/03\/23\/ein-kleiner-klub-erobert-die-welt\/bild-33_2014_03-schmittie-in-nurnberg\/'><img loading=\"lazy\" decoding=\"async\" width=\"150\" height=\"150\" src=\"http:\/\/rfk-nuernberg.de\/WordPress\/wp-content\/uploads\/2014\/01\/Bild-33_2014_03-Schmittie-in-N\u00fcrnberg-150x150.jpg\" class=\"attachment-thumbnail size-thumbnail\" alt=\"\" \/><\/a>\n\t\t\t<\/dt><\/dl><br style=\"clear: both\" \/><dl class='gallery-item'>\n\t\t\t<dt class='gallery-icon portrait'>\n\t\t\t\t<a href='http:\/\/rfk-nuernberg.de\/WordPress\/2014\/03\/23\/ein-kleiner-klub-erobert-die-welt\/bild-34_2014_03-schmittie-und-aitsch-in-nurnberg\/'><img loading=\"lazy\" decoding=\"async\" width=\"150\" height=\"150\" src=\"http:\/\/rfk-nuernberg.de\/WordPress\/wp-content\/uploads\/2014\/01\/Bild-34_2014_03-Schmittie-und-Aitsch-in-N\u00fcrnberg-150x150.jpg\" class=\"attachment-thumbnail size-thumbnail\" alt=\"\" \/><\/a>\n\t\t\t<\/dt><\/dl><dl class='gallery-item'>\n\t\t\t<dt class='gallery-icon portrait'>\n\t\t\t\t<a href='http:\/\/rfk-nuernberg.de\/WordPress\/2014\/03\/23\/ein-kleiner-klub-erobert-die-welt\/bild-35_2014_03-aitsch-in-nurnberg\/'><img loading=\"lazy\" decoding=\"async\" width=\"150\" height=\"150\" src=\"http:\/\/rfk-nuernberg.de\/WordPress\/wp-content\/uploads\/2014\/01\/Bild-35_2014_03-Aitsch-in-N\u00fcrnberg-150x150.jpg\" class=\"attachment-thumbnail size-thumbnail\" alt=\"\" \/><\/a>\n\t\t\t<\/dt><\/dl><dl class='gallery-item'>\n\t\t\t<dt class='gallery-icon portrait'>\n\t\t\t\t<a href='http:\/\/rfk-nuernberg.de\/WordPress\/2014\/03\/23\/ein-kleiner-klub-erobert-die-welt\/bild-36_2014_03-schoppic-in-dinslaken\/'><img loading=\"lazy\" decoding=\"async\" width=\"150\" height=\"150\" src=\"http:\/\/rfk-nuernberg.de\/WordPress\/wp-content\/uploads\/2014\/01\/Bild-36_2014_03-Sch\u00f6ppic-in-Dinslaken-150x150.jpg\" class=\"attachment-thumbnail size-thumbnail\" alt=\"\" \/><\/a>\n\t\t\t<\/dt><\/dl><br style=\"clear: both\" \/>\n\t\t<\/div>\n\n","protected":false},"excerpt":{"rendered":"<p>Es war einmal vor (nicht allzu) langer Zeit, da schlossen sich einige positiv Verr\u00fcckte zu einem Klub zusammen und schworen sich die gemeinsame Vergangenheit weiterleben zu lassen, sich auch in Zukunft nicht aus den Augen zu verlieren, Dinge gemeinsam zu &hellip; <a href=\"http:\/\/rfk-nuernberg.de\/WordPress\/2014\/03\/23\/ein-kleiner-klub-erobert-die-welt\/\">Weiterlesen <span class=\"meta-nav\">&rarr;<\/span><\/a><\/p>\n","protected":false},"author":8,"featured_media":0,"comment_status":"open","ping_status":"open","sticky":false,"template":"","format":"gallery","meta":{"footnotes":""},"categories":[31,27,14,1],"tags":[67,62],"class_list":["post-715","post","type-post","status-publish","format-gallery","hentry","category-allgemein","category-fun-event","category-run-event","category-uncategorized","tag-rfk","tag-rfk-world-tour-2014","post_format-post-format-gallery"],"_links":{"self":[{"href":"http:\/\/rfk-nuernberg.de\/WordPress\/wp-json\/wp\/v2\/posts\/715","targetHints":{"allow":["GET"]}}],"collection":[{"href":"http:\/\/rfk-nuernberg.de\/WordPress\/wp-json\/wp\/v2\/posts"}],"about":[{"href":"http:\/\/rfk-nuernberg.de\/WordPress\/wp-json\/wp\/v2\/types\/post"}],"author":[{"embeddable":true,"href":"http:\/\/rfk-nuernberg.de\/WordPress\/wp-json\/wp\/v2\/users\/8"}],"replies":[{"embeddable":true,"href":"http:\/\/rfk-nuernberg.de\/WordPress\/wp-json\/wp\/v2\/comments?post=715"}],"version-history":[{"count":11,"href":"http:\/\/rfk-nuernberg.de\/WordPress\/wp-json\/wp\/v2\/posts\/715\/revisions"}],"predecessor-version":[{"id":856,"href":"http:\/\/rfk-nuernberg.de\/WordPress\/wp-json\/wp\/v2\/posts\/715\/revisions\/856"}],"wp:attachment":[{"href":"http:\/\/rfk-nuernberg.de\/WordPress\/wp-json\/wp\/v2\/media?parent=715"}],"wp:term":[{"taxonomy":"category","embeddable":true,"href":"http:\/\/rfk-nuernberg.de\/WordPress\/wp-json\/wp\/v2\/categories?post=715"},{"taxonomy":"post_tag","embeddable":true,"href":"http:\/\/rfk-nuernberg.de\/WordPress\/wp-json\/wp\/v2\/tags?post=715"}],"curies":[{"name":"wp","href":"https:\/\/api.w.org\/{rel}","templated":true}]}}