{"id":69,"date":"2012-04-01T22:51:30","date_gmt":"2012-04-01T20:51:30","guid":{"rendered":"http:\/\/rfk-nuernberg.de\/WordPress\/?p=69"},"modified":"2013-01-15T15:16:27","modified_gmt":"2013-01-15T14:16:27","slug":"bericht-aus-berlin-was-fur-ein-schoner-sonntag","status":"publish","type":"post","link":"http:\/\/rfk-nuernberg.de\/WordPress\/2012\/04\/01\/bericht-aus-berlin-was-fur-ein-schoner-sonntag\/","title":{"rendered":"Bericht aus Berlin &#8211; Was f\u00fcr ein sch\u00f6ner Sonntag"},"content":{"rendered":"<h3>Am 1. April 2012 starteten die drei RFK-Mitglieder H\u00f6fler, H\u00fcller und Feller am 32. Berliner Halbmarathon: 30\u00b4000 L\u00e4ufer, 180\u00b4000 Zuschauer am Stra\u00dfenrand und 20 Musikgruppen machten den Lauf durch die Bundeshauptstadt Berlin zum unvergesslichen Erlebnis.<\/h3>\n<p>Trotz der k\u00fchlen Temperaturen (1 Grad) und der abgemeldeten Mitglieder Scheferling (Holland) und Wagner (Krank) sowie der lebenden Legende Eric \u201eIch nix Berlin\u201c war die Euphorie gro\u00df und das Team hei\u00df. Bereits am Vorabend wurde \u00fcber nichts mehr anderes gesprochen als die 21 bevorstehenden Kilometer. F\u00fcr die Betreuung der hochkar\u00e4tigen Mannschaft war die charmante Christina H. zust\u00e4ndig.<\/p>\n<p>Das Rennen fand bei pr\u00e4chtigem Sonnenschein und frischem Westwind statt, die <a href=\"http:\/\/rfk-nuernberg.de\/WordPress\/wp-content\/uploads\/2012\/04\/2012-03-Berlin-Mannschaftsfoto-Ziel.jpg\"><img loading=\"lazy\" decoding=\"async\" class=\"alignright size-medium wp-image-230\" title=\"2012-03-Berlin-Mannschaftsfoto Ziel\" src=\"http:\/\/rfk-nuernberg.de\/WordPress\/wp-content\/uploads\/2012\/04\/2012-03-Berlin-Mannschaftsfoto-Ziel-300x225.jpg\" alt=\"\" width=\"300\" height=\"225\" srcset=\"http:\/\/rfk-nuernberg.de\/WordPress\/wp-content\/uploads\/2012\/04\/2012-03-Berlin-Mannschaftsfoto-Ziel-300x225.jpg 300w, http:\/\/rfk-nuernberg.de\/WordPress\/wp-content\/uploads\/2012\/04\/2012-03-Berlin-Mannschaftsfoto-Ziel.jpg 1024w\" sizes=\"auto, (max-width: 300px) 100vw, 300px\" \/><\/a>RFK-Truppe gl\u00e4nzte mit den folgenden Ergebnissen:<br \/>\n<strong>H\u00f6fler Der weisse Kenianer<\/strong> 1:27:32<br \/>\nPlatz: 735 (AK: 135)<br \/>\n<strong>Feller Schweizer Franke<\/strong> 1:32:23<br \/>\nPlatz: 1\u00b4435 (AK: 252)<br \/>\n<strong>H\u00fcller Die Fliege<\/strong> 1:37:15<br \/>\nPlatz: 2\u00b4347 (AK: 358)<br \/>\nDie erfolgreiche Zielankunft wurde mit Currywurst und einem Berliner Bierchen gefeiert.<\/p>\n<p>Das Team bedankt sich bei den Gastgebern in Berlin und gr\u00fcsst die RFK Community mit den Worten: Was f\u00fcr ein sch\u00f6ner Sonntag!<\/p>\n<p><a href=\"http:\/\/rfk-nuernberg.de\/WordPress\/wp-content\/uploads\/2012\/07\/2012-03-Berlin-Urkunde-Thomas-h\u00fcller.pdf\">2012-03-Berlin-Urkunde Thomas h\u00fcller<br \/>\n<\/a><a href=\"http:\/\/rfk-nuernberg.de\/WordPress\/wp-content\/uploads\/2012\/07\/2012-03-Berlin-Urkunde-H\u00f6fler-Fritz.pdf\">2012-03-Berlin-Urkunde H\u00f6fler Fritz<\/a><a href=\"http:\/\/rfk-nuernberg.de\/WordPress\/wp-content\/uploads\/2012\/07\/2012-03-Berlin-Urkunde-Thomas-h\u00fcller.pdf\"><br \/>\n<\/a><a href=\"http:\/\/rfk-nuernberg.de\/WordPress\/wp-content\/uploads\/2012\/07\/2012-03-Berlin-Urkunde-Feller-Adrian.pdf\">2012-03-Berlin-Urkunde Feller Adrian<\/a><\/p>\n<p><a href=\"http:\/\/rfk-nuernberg.de\/WordPress\/wp-content\/uploads\/2012\/07\/2012-03-Berlin-berlin_marathon_map.jpg\"><img loading=\"lazy\" decoding=\"async\" class=\"alignleft size-medium wp-image-70\" title=\"2012-03-Berlin-berlin_marathon_map\" src=\"http:\/\/rfk-nuernberg.de\/WordPress\/wp-content\/uploads\/2012\/07\/2012-03-Berlin-berlin_marathon_map-300x143.jpg\" alt=\"\" width=\"300\" height=\"143\" srcset=\"http:\/\/rfk-nuernberg.de\/WordPress\/wp-content\/uploads\/2012\/07\/2012-03-Berlin-berlin_marathon_map-300x143.jpg 300w, http:\/\/rfk-nuernberg.de\/WordPress\/wp-content\/uploads\/2012\/07\/2012-03-Berlin-berlin_marathon_map-500x239.jpg 500w, http:\/\/rfk-nuernberg.de\/WordPress\/wp-content\/uploads\/2012\/07\/2012-03-Berlin-berlin_marathon_map.jpg 748w\" sizes=\"auto, (max-width: 300px) 100vw, 300px\" \/><\/a><a href=\"http:\/\/rfk-nuernberg.de\/WordPress\/wp-content\/uploads\/2012\/07\/2012-03-Berlin-Urkunde-Thomas-h\u00fcller.pdf\"><br \/>\n<\/a><\/p>\n<p>&nbsp;<\/p>\n<p>&nbsp;<\/p>\n<p>&nbsp;<\/p>\n<div id='gallery-1' class='gallery galleryid-69 gallery-columns-3 gallery-size-thumbnail'><dl class='gallery-item'>\n\t\t\t<dt class='gallery-icon portrait'>\n\t\t\t\t<a href='http:\/\/rfk-nuernberg.de\/WordPress\/2012\/04\/01\/bericht-aus-berlin-was-fur-ein-schoner-sonntag\/718762_4002_0032\/'><img loading=\"lazy\" decoding=\"async\" width=\"139\" height=\"150\" src=\"http:\/\/rfk-nuernberg.de\/WordPress\/wp-content\/uploads\/2012\/04\/718762_4002_0032-e1342462933367-139x150.jpg\" class=\"attachment-thumbnail size-thumbnail\" alt=\"\" \/><\/a>\n\t\t\t<\/dt><\/dl><dl class='gallery-item'>\n\t\t\t<dt class='gallery-icon portrait'>\n\t\t\t\t<a href='http:\/\/rfk-nuernberg.de\/WordPress\/2012\/04\/01\/bericht-aus-berlin-was-fur-ein-schoner-sonntag\/718777_1010_0022\/'><img loading=\"lazy\" decoding=\"async\" width=\"150\" height=\"150\" src=\"http:\/\/rfk-nuernberg.de\/WordPress\/wp-content\/uploads\/2012\/04\/718777_1010_0022-150x150.jpg\" class=\"attachment-thumbnail size-thumbnail\" alt=\"\" \/><\/a>\n\t\t\t<\/dt><\/dl><dl class='gallery-item'>\n\t\t\t<dt class='gallery-icon portrait'>\n\t\t\t\t<a href='http:\/\/rfk-nuernberg.de\/WordPress\/2012\/04\/01\/bericht-aus-berlin-was-fur-ein-schoner-sonntag\/718805_3043_0008\/'><img loading=\"lazy\" decoding=\"async\" width=\"150\" height=\"150\" src=\"http:\/\/rfk-nuernberg.de\/WordPress\/wp-content\/uploads\/2012\/04\/718805_3043_0008-150x150.jpg\" class=\"attachment-thumbnail size-thumbnail\" alt=\"\" \/><\/a>\n\t\t\t<\/dt><\/dl><br style=\"clear: both\" \/><dl class='gallery-item'>\n\t\t\t<dt class='gallery-icon portrait'>\n\t\t\t\t<a href='http:\/\/rfk-nuernberg.de\/WordPress\/2012\/04\/01\/bericht-aus-berlin-was-fur-ein-schoner-sonntag\/2012-03-berlin-mannschaftsfoto-start-3\/'><img loading=\"lazy\" decoding=\"async\" width=\"150\" height=\"150\" src=\"http:\/\/rfk-nuernberg.de\/WordPress\/wp-content\/uploads\/2012\/04\/2012-03-Berlin-Mannschaftsfoto-Start2-150x150.jpg\" class=\"attachment-thumbnail size-thumbnail\" alt=\"\" \/><\/a>\n\t\t\t<\/dt><\/dl><dl class='gallery-item'>\n\t\t\t<dt class='gallery-icon landscape'>\n\t\t\t\t<a href='http:\/\/rfk-nuernberg.de\/WordPress\/2012\/04\/01\/bericht-aus-berlin-was-fur-ein-schoner-sonntag\/2012-03-berlin-mannschaftsfoto-ziel\/'><img loading=\"lazy\" decoding=\"async\" width=\"150\" height=\"150\" src=\"http:\/\/rfk-nuernberg.de\/WordPress\/wp-content\/uploads\/2012\/04\/2012-03-Berlin-Mannschaftsfoto-Ziel-150x150.jpg\" class=\"attachment-thumbnail size-thumbnail\" alt=\"\" \/><\/a>\n\t\t\t<\/dt><\/dl><dl class='gallery-item'>\n\t\t\t<dt class='gallery-icon landscape'>\n\t\t\t\t<a href='http:\/\/rfk-nuernberg.de\/WordPress\/2012\/04\/01\/bericht-aus-berlin-was-fur-ein-schoner-sonntag\/2012-03-berlin-berlin_marathon_map\/'><img loading=\"lazy\" decoding=\"async\" width=\"150\" height=\"150\" src=\"http:\/\/rfk-nuernberg.de\/WordPress\/wp-content\/uploads\/2012\/07\/2012-03-Berlin-berlin_marathon_map-150x150.jpg\" class=\"attachment-thumbnail size-thumbnail\" alt=\"\" \/><\/a>\n\t\t\t<\/dt><\/dl><br style=\"clear: both\" \/>\n\t\t<\/div>\n\n","protected":false},"excerpt":{"rendered":"<p>Am 1. April 2012 starteten die drei RFK-Mitglieder H\u00f6fler, H\u00fcller und Feller am 32. Berliner Halbmarathon: 30\u00b4000 L\u00e4ufer, 180\u00b4000 Zuschauer am Stra\u00dfenrand und 20 Musikgruppen machten den Lauf durch die Bundeshauptstadt Berlin zum unvergesslichen Erlebnis. Trotz der k\u00fchlen Temperaturen (1 &hellip; <a href=\"http:\/\/rfk-nuernberg.de\/WordPress\/2012\/04\/01\/bericht-aus-berlin-was-fur-ein-schoner-sonntag\/\">Weiterlesen <span class=\"meta-nav\">&rarr;<\/span><\/a><\/p>\n","protected":false},"author":5,"featured_media":0,"comment_status":"open","ping_status":"open","sticky":false,"template":"","format":"gallery","meta":{"footnotes":""},"categories":[14],"tags":[12,13],"class_list":["post-69","post","type-post","status-publish","format-gallery","hentry","category-run-event","tag-berlin","tag-fritz","post_format-post-format-gallery"],"_links":{"self":[{"href":"http:\/\/rfk-nuernberg.de\/WordPress\/wp-json\/wp\/v2\/posts\/69","targetHints":{"allow":["GET"]}}],"collection":[{"href":"http:\/\/rfk-nuernberg.de\/WordPress\/wp-json\/wp\/v2\/posts"}],"about":[{"href":"http:\/\/rfk-nuernberg.de\/WordPress\/wp-json\/wp\/v2\/types\/post"}],"author":[{"embeddable":true,"href":"http:\/\/rfk-nuernberg.de\/WordPress\/wp-json\/wp\/v2\/users\/5"}],"replies":[{"embeddable":true,"href":"http:\/\/rfk-nuernberg.de\/WordPress\/wp-json\/wp\/v2\/comments?post=69"}],"version-history":[{"count":18,"href":"http:\/\/rfk-nuernberg.de\/WordPress\/wp-json\/wp\/v2\/posts\/69\/revisions"}],"predecessor-version":[{"id":455,"href":"http:\/\/rfk-nuernberg.de\/WordPress\/wp-json\/wp\/v2\/posts\/69\/revisions\/455"}],"wp:attachment":[{"href":"http:\/\/rfk-nuernberg.de\/WordPress\/wp-json\/wp\/v2\/media?parent=69"}],"wp:term":[{"taxonomy":"category","embeddable":true,"href":"http:\/\/rfk-nuernberg.de\/WordPress\/wp-json\/wp\/v2\/categories?post=69"},{"taxonomy":"post_tag","embeddable":true,"href":"http:\/\/rfk-nuernberg.de\/WordPress\/wp-json\/wp\/v2\/tags?post=69"}],"curies":[{"name":"wp","href":"https:\/\/api.w.org\/{rel}","templated":true}]}}