{"id":673,"date":"2013-12-31T12:27:13","date_gmt":"2013-12-31T11:27:13","guid":{"rendered":"http:\/\/rfk-nuernberg.de\/WordPress\/?p=673"},"modified":"2013-12-31T12:27:13","modified_gmt":"2013-12-31T11:27:13","slug":"der-rfk-trifft-sich-zur-jhv-da-rockt%c2%b4s-den-christkindlesmarkt-und-die-nurnberger-alm","status":"publish","type":"post","link":"http:\/\/rfk-nuernberg.de\/WordPress\/2013\/12\/31\/der-rfk-trifft-sich-zur-jhv-da-rockt%c2%b4s-den-christkindlesmarkt-und-die-nurnberger-alm\/","title":{"rendered":"Der RFK trifft sich zur JHV \u2013 da rockt\u00b4s den Christkindlesmarkt und die N\u00fcrnberger Alm"},"content":{"rendered":"<p><strong>Jedes Jahr wenn der N\u00fcrnberger Christkindlesmarkt in seinem sch\u00f6nsten Glanz Touristen aus aller Welt anzieht, machen sich die RFK-ler aus allen Himmelsrichtungen auf, um Ihre Jahreshauptversammlung abzuhalten und in das Nachtleben der fr\u00e4nkischen Metropole einzutauchen.<\/strong><\/p>\n<p>Bereits zum 5. Mal wiederholte sich diese sch\u00f6ne Tradition am 07.12.2013 und l\u00e4utete damit das erste \u201erichtige\u201c Jubil\u00e4umsjahr des Klubs ein. Eigens daf\u00fcr wurde eine Run- und Fun-Kollektion entworfen und den Mitgliedern pr\u00e4sentiert. Sicher, so etwas Besonderes muss erst einmal begossen werden! Und das taten die im Caf\u00e9 Lucas zusammenge-kommenen Schmittie, Schefer, Aitsch, Ilse, Micha, Schweizer Franke und Fast-Mitglied Kiki \u00a0reichlich bevor es zum \u201eMarkt der Partnerst\u00e4dte\u201c auf den Christkindlesmarkt ging.<\/p>\n<p>Hier wurde sich weiter Mut angetrunken, stand doch danach erneut die ber\u00fcchtigte \u201eN\u00fcrnberger Alm\u201c auf dem Programm. Dort gesellten sich neben den OKA-lern Brigitte, Heino, Annette, Daniel und dem \u201eChef des Ganzen\u201c Willi auch Tina und Melli zu der illustren Truppe. Fr\u00e4nkisch herb wurde gespachtelt ehe die \u201eNachtschw\u00e4rmer\u201c den Saal mit live performter Volksmusik zum Kochen brachten. Besonders Brigitte, Heino und Annette zeigten hierbei, dass sie noch lange nicht zum alten Eisen geh\u00f6ren.<\/p>\n<p>W\u00e4hrend sich zu sp\u00e4ter Stunde einige ob der \u201eschlechten Luft\u201c mit Kopfschmerzen plagten oder sich entt\u00e4uscht dar\u00fcber zeigten, dass N\u00fcrnberg keinen KitKatClub aufweisen kann, zogen andere noch bis in die fr\u00fchen Morgenstunden durch die Stadt und machten ihrem Ruf als \u201eNachtschw\u00e4rmer\u201c alle Ehre.<\/p>\n<p>So darf es weitergehen. Ein Hoch auf den Klub und alles Gute f\u00fcr 2014!<\/p>\n<p>&nbsp;<\/p>\n<div id='gallery-1' class='gallery galleryid-673 gallery-columns-3 gallery-size-thumbnail'><dl class='gallery-item'>\n\t\t\t<dt class='gallery-icon landscape'>\n\t\t\t\t<a href='http:\/\/rfk-nuernberg.de\/WordPress\/wp-content\/uploads\/2013\/12\/JHV-2013_1.jpg'><img loading=\"lazy\" decoding=\"async\" width=\"150\" height=\"150\" src=\"http:\/\/rfk-nuernberg.de\/WordPress\/wp-content\/uploads\/2013\/12\/JHV-2013_1-150x150.jpg\" class=\"attachment-thumbnail size-thumbnail\" alt=\"\" \/><\/a>\n\t\t\t<\/dt><\/dl><dl class='gallery-item'>\n\t\t\t<dt class='gallery-icon landscape'>\n\t\t\t\t<a href='http:\/\/rfk-nuernberg.de\/WordPress\/wp-content\/uploads\/2013\/12\/JHV-2013_2.jpg'><img loading=\"lazy\" decoding=\"async\" width=\"150\" height=\"150\" src=\"http:\/\/rfk-nuernberg.de\/WordPress\/wp-content\/uploads\/2013\/12\/JHV-2013_2-150x150.jpg\" class=\"attachment-thumbnail size-thumbnail\" alt=\"\" \/><\/a>\n\t\t\t<\/dt><\/dl><dl class='gallery-item'>\n\t\t\t<dt class='gallery-icon landscape'>\n\t\t\t\t<a href='http:\/\/rfk-nuernberg.de\/WordPress\/wp-content\/uploads\/2013\/12\/JHV-2013_3.jpg'><img loading=\"lazy\" decoding=\"async\" width=\"150\" height=\"150\" src=\"http:\/\/rfk-nuernberg.de\/WordPress\/wp-content\/uploads\/2013\/12\/JHV-2013_3-150x150.jpg\" class=\"attachment-thumbnail size-thumbnail\" alt=\"\" \/><\/a>\n\t\t\t<\/dt><\/dl><br style=\"clear: both\" \/><dl class='gallery-item'>\n\t\t\t<dt class='gallery-icon landscape'>\n\t\t\t\t<a href='http:\/\/rfk-nuernberg.de\/WordPress\/wp-content\/uploads\/2013\/12\/JHV-2013_7.jpg'><img loading=\"lazy\" decoding=\"async\" width=\"150\" height=\"150\" src=\"http:\/\/rfk-nuernberg.de\/WordPress\/wp-content\/uploads\/2013\/12\/JHV-2013_7-150x150.jpg\" class=\"attachment-thumbnail size-thumbnail\" alt=\"\" \/><\/a>\n\t\t\t<\/dt><\/dl><dl class='gallery-item'>\n\t\t\t<dt class='gallery-icon landscape'>\n\t\t\t\t<a href='http:\/\/rfk-nuernberg.de\/WordPress\/wp-content\/uploads\/2013\/12\/JHV-2013_5.jpg'><img loading=\"lazy\" decoding=\"async\" width=\"150\" height=\"150\" src=\"http:\/\/rfk-nuernberg.de\/WordPress\/wp-content\/uploads\/2013\/12\/JHV-2013_5-150x150.jpg\" class=\"attachment-thumbnail size-thumbnail\" alt=\"\" \/><\/a>\n\t\t\t<\/dt><\/dl><dl class='gallery-item'>\n\t\t\t<dt class='gallery-icon landscape'>\n\t\t\t\t<a href='http:\/\/rfk-nuernberg.de\/WordPress\/wp-content\/uploads\/2013\/12\/JHV-2013_6.jpg'><img loading=\"lazy\" decoding=\"async\" width=\"150\" height=\"150\" src=\"http:\/\/rfk-nuernberg.de\/WordPress\/wp-content\/uploads\/2013\/12\/JHV-2013_6-150x150.jpg\" class=\"attachment-thumbnail size-thumbnail\" alt=\"\" \/><\/a>\n\t\t\t<\/dt><\/dl><br style=\"clear: both\" \/>\n\t\t<\/div>\n\n","protected":false},"excerpt":{"rendered":"<p>Jedes Jahr wenn der N\u00fcrnberger Christkindlesmarkt in seinem sch\u00f6nsten Glanz Touristen aus aller Welt anzieht, machen sich die RFK-ler aus allen Himmelsrichtungen auf, um Ihre Jahreshauptversammlung abzuhalten und in das Nachtleben der fr\u00e4nkischen Metropole einzutauchen. Bereits zum 5. Mal wiederholte &hellip; <a href=\"http:\/\/rfk-nuernberg.de\/WordPress\/2013\/12\/31\/der-rfk-trifft-sich-zur-jhv-da-rockt%c2%b4s-den-christkindlesmarkt-und-die-nurnberger-alm\/\">Weiterlesen <span class=\"meta-nav\">&rarr;<\/span><\/a><\/p>\n","protected":false},"author":8,"featured_media":0,"comment_status":"open","ping_status":"open","sticky":false,"template":"","format":"gallery","meta":{"footnotes":""},"categories":[31,27],"tags":[57,56,43,58,59],"class_list":["post-673","post","type-post","status-publish","format-gallery","hentry","category-allgemein","category-fun-event","tag-cafe-lucas","tag-christkindlesmarkt","tag-jhv","tag-nachtschwarmer","tag-nurnberger-alm","post_format-post-format-gallery"],"_links":{"self":[{"href":"http:\/\/rfk-nuernberg.de\/WordPress\/wp-json\/wp\/v2\/posts\/673","targetHints":{"allow":["GET"]}}],"collection":[{"href":"http:\/\/rfk-nuernberg.de\/WordPress\/wp-json\/wp\/v2\/posts"}],"about":[{"href":"http:\/\/rfk-nuernberg.de\/WordPress\/wp-json\/wp\/v2\/types\/post"}],"author":[{"embeddable":true,"href":"http:\/\/rfk-nuernberg.de\/WordPress\/wp-json\/wp\/v2\/users\/8"}],"replies":[{"embeddable":true,"href":"http:\/\/rfk-nuernberg.de\/WordPress\/wp-json\/wp\/v2\/comments?post=673"}],"version-history":[{"count":14,"href":"http:\/\/rfk-nuernberg.de\/WordPress\/wp-json\/wp\/v2\/posts\/673\/revisions"}],"predecessor-version":[{"id":694,"href":"http:\/\/rfk-nuernberg.de\/WordPress\/wp-json\/wp\/v2\/posts\/673\/revisions\/694"}],"wp:attachment":[{"href":"http:\/\/rfk-nuernberg.de\/WordPress\/wp-json\/wp\/v2\/media?parent=673"}],"wp:term":[{"taxonomy":"category","embeddable":true,"href":"http:\/\/rfk-nuernberg.de\/WordPress\/wp-json\/wp\/v2\/categories?post=673"},{"taxonomy":"post_tag","embeddable":true,"href":"http:\/\/rfk-nuernberg.de\/WordPress\/wp-json\/wp\/v2\/tags?post=673"}],"curies":[{"name":"wp","href":"https:\/\/api.w.org\/{rel}","templated":true}]}}