{"id":653,"date":"2013-12-13T17:06:53","date_gmt":"2013-12-13T16:06:53","guid":{"rendered":"http:\/\/rfk-nuernberg.de\/WordPress\/?p=653"},"modified":"2013-12-13T17:06:53","modified_gmt":"2013-12-13T16:06:53","slug":"wer-zu-spat-kommt-den-straft-das-leben-der-rfk-erlauft-historisches-ergebnis-beim-37-forchheimer-nikolauslauf","status":"publish","type":"post","link":"http:\/\/rfk-nuernberg.de\/WordPress\/2013\/12\/13\/wer-zu-spat-kommt-den-straft-das-leben-der-rfk-erlauft-historisches-ergebnis-beim-37-forchheimer-nikolauslauf\/","title":{"rendered":"Wer zu sp\u00e4t kommt, den straft das Leben \u2013 der RFK erl\u00e4uft historisches Ergebnis beim 37. Forchheimer Nikolauslauf"},"content":{"rendered":"<p><strong>Dem Sturm Xaver und den winterlichen Temperaturen zu trotzen hatten sich die RFK-ler Aitsch, Micha, Schweizer Franke, Schmittie und Schefer f\u00fcr den 2. Adventssamstag vorgenommen. P\u00fcnktlich am Start standen aber nur drei der f\u00fcnf Herren. W\u00e4hrend sich der Schweizer Franke so gar nicht von seinem Sofa l\u00f6sen konnte, wurde der Schefer mal wieder Opfer seines ber\u00fchmten Zeitmanagements. Klar, das Navi war ausgefallen und der Parkplatz gesperrt und \u00fcberhaupt war die Anreise zu diesem fr\u00e4nkischen Traditionsrennen mehr als beschwerlich gewesen \u2013 nur warten wollte diesmal niemand auf das Laufwunder aus NRW.<\/strong><\/p>\n<p>Auf dem eher matschigen Untergrund setzten sich Micha und Aitsch schnell in der Spitzen-gruppe fest und dies sollte sich bis zum Ende der 5,3 km auch nicht \u00e4ndern. Hand in Hand und \u00fcbergl\u00fccklich erliefen beide mit 22:06 min eine beachtliche Zeit und die Pl\u00e4tze 7 und 8 im Gesamtklassement. Nicht weniger engagiert, aber ein wenig langsamer war Schmittie unterwegs, der in diesem Jahr bereits einige Laufkilometer gesammelt hatte. Man k\u00f6nnte meinen, er habe extra auf den Kollegen Schefer gewartet, der fast schon verzweifelt dem Rest des Feldes hinterherlief.<\/p>\n<p>Der Schefer w\u00e4re nicht der Schefer, h\u00e4tte er sich nicht mit allen Kr\u00e4ften gegen den histo-rischen Eintrag in die Bestenliste gestemmt. Am Ende konnte er diesen aber doch nicht ganz verhindern und beendete das Rennen mit 43:43 min und als Tr\u00e4ger der \u201eRoten Laterne\u201c.<\/p>\n<p>Der guten Laune tat dies jedoch keinen Abbruch. Gemeinsam mit Ilse, die das winterliche Treiben der Jungs tapfer ertragen hatte, wurde noch schnell ein w\u00e4rmender Tee genossen bevor man zum Gl\u00fchwein-Trinken auf dem N\u00fcrnberger Christkindlesmarkt weiterzog.<\/p>\n<p>&nbsp;<\/p>\n<div id='gallery-1' class='gallery galleryid-653 gallery-columns-3 gallery-size-thumbnail'><dl class='gallery-item'>\n\t\t\t<dt class='gallery-icon portrait'>\n\t\t\t\t<a href='http:\/\/rfk-nuernberg.de\/WordPress\/wp-content\/uploads\/2013\/12\/Forchheim-2013_1.jpg'><img loading=\"lazy\" decoding=\"async\" width=\"150\" height=\"150\" src=\"http:\/\/rfk-nuernberg.de\/WordPress\/wp-content\/uploads\/2013\/12\/Forchheim-2013_1-150x150.jpg\" class=\"attachment-thumbnail size-thumbnail\" alt=\"\" \/><\/a>\n\t\t\t<\/dt><\/dl><dl class='gallery-item'>\n\t\t\t<dt class='gallery-icon portrait'>\n\t\t\t\t<a href='http:\/\/rfk-nuernberg.de\/WordPress\/wp-content\/uploads\/2013\/12\/Forchheim-2013_2.jpg'><img loading=\"lazy\" decoding=\"async\" width=\"150\" height=\"150\" src=\"http:\/\/rfk-nuernberg.de\/WordPress\/wp-content\/uploads\/2013\/12\/Forchheim-2013_2-150x150.jpg\" class=\"attachment-thumbnail size-thumbnail\" alt=\"\" \/><\/a>\n\t\t\t<\/dt><\/dl><dl class='gallery-item'>\n\t\t\t<dt class='gallery-icon portrait'>\n\t\t\t\t<a href='http:\/\/rfk-nuernberg.de\/WordPress\/wp-content\/uploads\/2013\/12\/Forchheim-2013_3.jpg'><img loading=\"lazy\" decoding=\"async\" width=\"150\" height=\"150\" src=\"http:\/\/rfk-nuernberg.de\/WordPress\/wp-content\/uploads\/2013\/12\/Forchheim-2013_3-150x150.jpg\" class=\"attachment-thumbnail size-thumbnail\" alt=\"\" \/><\/a>\n\t\t\t<\/dt><\/dl><br style=\"clear: both\" \/>\n\t\t<\/div>\n\n","protected":false},"excerpt":{"rendered":"<p>Dem Sturm Xaver und den winterlichen Temperaturen zu trotzen hatten sich die RFK-ler Aitsch, Micha, Schweizer Franke, Schmittie und Schefer f\u00fcr den 2. Adventssamstag vorgenommen. P\u00fcnktlich am Start standen aber nur drei der f\u00fcnf Herren. W\u00e4hrend sich der Schweizer Franke &hellip; <a href=\"http:\/\/rfk-nuernberg.de\/WordPress\/2013\/12\/13\/wer-zu-spat-kommt-den-straft-das-leben-der-rfk-erlauft-historisches-ergebnis-beim-37-forchheimer-nikolauslauf\/\">Weiterlesen <span class=\"meta-nav\">&rarr;<\/span><\/a><\/p>\n","protected":false},"author":8,"featured_media":0,"comment_status":"open","ping_status":"open","sticky":false,"template":"","format":"gallery","meta":{"footnotes":""},"categories":[31,14],"tags":[49,52,9,55,53,48,54],"class_list":["post-653","post","type-post","status-publish","format-gallery","hentry","category-allgemein","category-run-event","tag-aitsch","tag-forchheim","tag-micha","tag-nikolauslauf","tag-rote-laterne","tag-schefer","tag-schmittie","post_format-post-format-gallery"],"_links":{"self":[{"href":"http:\/\/rfk-nuernberg.de\/WordPress\/wp-json\/wp\/v2\/posts\/653","targetHints":{"allow":["GET"]}}],"collection":[{"href":"http:\/\/rfk-nuernberg.de\/WordPress\/wp-json\/wp\/v2\/posts"}],"about":[{"href":"http:\/\/rfk-nuernberg.de\/WordPress\/wp-json\/wp\/v2\/types\/post"}],"author":[{"embeddable":true,"href":"http:\/\/rfk-nuernberg.de\/WordPress\/wp-json\/wp\/v2\/users\/8"}],"replies":[{"embeddable":true,"href":"http:\/\/rfk-nuernberg.de\/WordPress\/wp-json\/wp\/v2\/comments?post=653"}],"version-history":[{"count":12,"href":"http:\/\/rfk-nuernberg.de\/WordPress\/wp-json\/wp\/v2\/posts\/653\/revisions"}],"predecessor-version":[{"id":671,"href":"http:\/\/rfk-nuernberg.de\/WordPress\/wp-json\/wp\/v2\/posts\/653\/revisions\/671"}],"wp:attachment":[{"href":"http:\/\/rfk-nuernberg.de\/WordPress\/wp-json\/wp\/v2\/media?parent=653"}],"wp:term":[{"taxonomy":"category","embeddable":true,"href":"http:\/\/rfk-nuernberg.de\/WordPress\/wp-json\/wp\/v2\/categories?post=653"},{"taxonomy":"post_tag","embeddable":true,"href":"http:\/\/rfk-nuernberg.de\/WordPress\/wp-json\/wp\/v2\/tags?post=653"}],"curies":[{"name":"wp","href":"https:\/\/api.w.org\/{rel}","templated":true}]}}