{"id":445,"date":"2013-01-04T22:09:33","date_gmt":"2013-01-04T21:09:33","guid":{"rendered":"http:\/\/rfk-nuernberg.de\/WordPress\/?p=445"},"modified":"2013-01-04T22:10:18","modified_gmt":"2013-01-04T21:10:18","slug":"sportlicher-jahresausklang-in-nurnberg","status":"publish","type":"post","link":"http:\/\/rfk-nuernberg.de\/WordPress\/2013\/01\/04\/sportlicher-jahresausklang-in-nurnberg\/","title":{"rendered":"Sportlicher Jahresausklang in N\u00fcrnberg"},"content":{"rendered":"<p>Die beiden RFK Runner Aitsch und Schweizer Franke gaben sich am 10. Silvesterlauf in N\u00fcrnberg die Ehre. Bei idealem Laufwetter sind die beiden mit folgenden Zeiten um den W\u00f6hrder See (10km) gerannt:<\/p>\n<p>Aitsch\u00a0\u00a0\u00a0\u00a0\u00a0\u00a0\u00a0\u00a0\u00a0\u00a0\u00a0\u00a0\u00a0\u00a0\u00a0\u00a0\u00a0\u00a0\u00a0 \u00a0 \u00a0 \u00a0\u00a0\u00a0\u00a0 41:45\u00a0\u00a0\u00a0\u00a0\u00a0\u00a0\u00a0\u00a0\u00a0\u00a0\u00a0\u00a0\u00a0\u00a0\u00a0 Rang: 22 (M35)\u00a0\u00a0\u00a0\u00a0\u00a0\u00a0\u00a0\u00a0\u00a0\u00a0\u00a0\u00a0 \u00a0\u00a0\u00a0\u00a0\u00a0\u00a0\u00a0\u00a0\u00a0\u00a0\u00a0 Gesamtrang: 101<br \/>\nSchweizer Franke\u00a0\u00a0\u00a0\u00a0\u00a0\u00a0\u00a0\u00a0 44:11\u00a0\u00a0\u00a0\u00a0\u00a0\u00a0\u00a0\u00a0\u00a0\u00a0\u00a0\u00a0\u00a0\u00a0\u00a0 Rang: 27 (M30)\u00a0\u00a0\u00a0\u00a0\u00a0\u00a0\u00a0\u00a0\u00a0\u00a0\u00a0\u00a0 \u00a0\u00a0\u00a0\u00a0\u00a0\u00a0\u00a0\u00a0\u00a0\u00a0\u00a0 Gesamtrang: 143<\/p>\n<p><a href=\"http:\/\/rfk-nuernberg.de\/WordPress\/wp-content\/uploads\/2013\/01\/Urkunde-Schweizer-Franke.pdf\">Urkunde Schweizer Franke<\/a><a href=\"http:\/\/rfk-nuernberg.de\/WordPress\/wp-content\/uploads\/2013\/01\/Urkunde-Aitsch.pdf\"><br \/>\nUrkunde Aitsch<\/a><\/p>\n<p>Anschliessend wurde der Jahresabschluss mit einem k\u00fchlen Naturtr\u00fcben w\u00fcrdig gefeiert.<\/p>\n<div id='gallery-1' class='gallery galleryid-445 gallery-columns-3 gallery-size-thumbnail'><dl class='gallery-item'>\n\t\t\t<dt class='gallery-icon portrait'>\n\t\t\t\t<a href='http:\/\/rfk-nuernberg.de\/WordPress\/wp-content\/uploads\/2013\/01\/Frizzi-und-Schweizer-Franke.png'><img loading=\"lazy\" decoding=\"async\" width=\"150\" height=\"150\" src=\"http:\/\/rfk-nuernberg.de\/WordPress\/wp-content\/uploads\/2013\/01\/Frizzi-und-Schweizer-Franke-150x150.png\" class=\"attachment-thumbnail size-thumbnail\" alt=\"\" \/><\/a>\n\t\t\t<\/dt><\/dl>\n\t\t\t<br style='clear: both' \/>\n\t\t<\/div>\n\n","protected":false},"excerpt":{"rendered":"<p>Die beiden RFK Runner Aitsch und Schweizer Franke gaben sich am 10. Silvesterlauf in N\u00fcrnberg die Ehre. Bei idealem Laufwetter sind die beiden mit folgenden Zeiten um den W\u00f6hrder See (10km) gerannt: Aitsch\u00a0\u00a0\u00a0\u00a0\u00a0\u00a0\u00a0\u00a0\u00a0\u00a0\u00a0\u00a0\u00a0\u00a0\u00a0\u00a0\u00a0\u00a0\u00a0 \u00a0 \u00a0 \u00a0\u00a0\u00a0\u00a0 41:45\u00a0\u00a0\u00a0\u00a0\u00a0\u00a0\u00a0\u00a0\u00a0\u00a0\u00a0\u00a0\u00a0\u00a0\u00a0 Rang: 22 (M35)\u00a0\u00a0\u00a0\u00a0\u00a0\u00a0\u00a0\u00a0\u00a0\u00a0\u00a0\u00a0 &hellip; <a href=\"http:\/\/rfk-nuernberg.de\/WordPress\/2013\/01\/04\/sportlicher-jahresausklang-in-nurnberg\/\">Weiterlesen <span class=\"meta-nav\">&rarr;<\/span><\/a><\/p>\n","protected":false},"author":5,"featured_media":0,"comment_status":"open","ping_status":"open","sticky":false,"template":"","format":"gallery","meta":{"footnotes":""},"categories":[14],"tags":[],"class_list":["post-445","post","type-post","status-publish","format-gallery","hentry","category-run-event","post_format-post-format-gallery"],"_links":{"self":[{"href":"http:\/\/rfk-nuernberg.de\/WordPress\/wp-json\/wp\/v2\/posts\/445","targetHints":{"allow":["GET"]}}],"collection":[{"href":"http:\/\/rfk-nuernberg.de\/WordPress\/wp-json\/wp\/v2\/posts"}],"about":[{"href":"http:\/\/rfk-nuernberg.de\/WordPress\/wp-json\/wp\/v2\/types\/post"}],"author":[{"embeddable":true,"href":"http:\/\/rfk-nuernberg.de\/WordPress\/wp-json\/wp\/v2\/users\/5"}],"replies":[{"embeddable":true,"href":"http:\/\/rfk-nuernberg.de\/WordPress\/wp-json\/wp\/v2\/comments?post=445"}],"version-history":[{"count":5,"href":"http:\/\/rfk-nuernberg.de\/WordPress\/wp-json\/wp\/v2\/posts\/445\/revisions"}],"predecessor-version":[{"id":453,"href":"http:\/\/rfk-nuernberg.de\/WordPress\/wp-json\/wp\/v2\/posts\/445\/revisions\/453"}],"wp:attachment":[{"href":"http:\/\/rfk-nuernberg.de\/WordPress\/wp-json\/wp\/v2\/media?parent=445"}],"wp:term":[{"taxonomy":"category","embeddable":true,"href":"http:\/\/rfk-nuernberg.de\/WordPress\/wp-json\/wp\/v2\/categories?post=445"},{"taxonomy":"post_tag","embeddable":true,"href":"http:\/\/rfk-nuernberg.de\/WordPress\/wp-json\/wp\/v2\/tags?post=445"}],"curies":[{"name":"wp","href":"https:\/\/api.w.org\/{rel}","templated":true}]}}