{"id":426,"date":"2012-12-31T22:17:43","date_gmt":"2012-12-31T21:17:43","guid":{"rendered":"http:\/\/rfk-nuernberg.de\/WordPress\/?p=426"},"modified":"2013-01-04T21:39:50","modified_gmt":"2013-01-04T20:39:50","slug":"drei-jahre-und-kein-bischen-mude-der-rfk-feiert-sich-und-seine-freunde-auf-dem-christkindlesmarkt-in-nurnberg","status":"publish","type":"post","link":"http:\/\/rfk-nuernberg.de\/WordPress\/2012\/12\/31\/drei-jahre-und-kein-bischen-mude-der-rfk-feiert-sich-und-seine-freunde-auf-dem-christkindlesmarkt-in-nurnberg\/","title":{"rendered":"Drei Jahre und kein bi\u00dfchen m\u00fcde \u2013 der RFK feiert sich und seine Freunde auf dem Christkindlesmarkt in N\u00fcrnberg"},"content":{"rendered":"<p>So schnell kann es gehen: Aus einer fixen Idee entstand ein Klub und der feierte inzwischen seinen dreij\u00e4hrigen Geburtstag. Der Tradition folgend trafen sich die Klub-Mitglieder Ilse, Schweizer Franke (in Begleitung von Fast-Mitglied Kiki), Aitsch und Schefer am 15.12.2012 im Cafe Lukas, um die diesj\u00e4hrige RFK-Jahreshauptversammlung abzuhalten. Dabei standen nicht nur das obligatorische \u201eVorgl\u00fchen\u201c auf dem Programm, sondern auch einige ernstzunehmende Tagesordnungspunkte wie z.B. die Durchf\u00fchrung des letztj\u00e4hrigen Vorschlags zur Vermehrung des Vereinskapitals (sprich die Abgabe eines Lotto-Scheins), die Wahl eines Auslandsbeauftragten und Aufnahme von Johannes als 14. Mitglied in den Klub.<\/p>\n<p>Weiter ging es auf den ber\u00fchmten N\u00fcrnberger Christkindlesmarkt, wo sich neben den Ex-OKA-lern Brigitte, Annette, Willi, Heino und Karl-Heinz auch das Klub-Mitglied Schmitti mit Frau Melli dem Tross anschlossen. Auf dem \u201eMarkt der Partnerst\u00e4dte\u201c wurde der eine oder andere Gl\u00fchwein geschl\u00fcrft ehe man auf Gehei\u00df von Heino in das Restaurant \u201eN\u00fcrnberger Alm\u201c weiterzog. Und obwohl Willi unterwegs verloren ging und die Kellnerin mehrmals mit dem Wort \u201eaus\u201c auf Bestellw\u00fcnsche reagierte, lies sich niemand seine gute Laune verderben. Die Stimmung wurde sogar noch besser als Obi und Bea sowie Tina die Runde erweiterten. Auch wenn einige Klub-Mitglieder schmerzlich vermisst wurden und man sich nun endg\u00fcltig von \u201ePenis\u201c verabschieden musste, kann man mit Fug und Recht behaupten, dass es ein rundum gelungener Abend war.<\/p>\n<p>F\u00fcr 2013 hat man sich daher wieder einige Run- und Fun-Events vorgenommen, getreu dem Motto<\/p>\n<p style=\"text-align: center;\"><em>\u201eA time to stay friends\u201c!<\/em><\/p>\n<div id='gallery-1' class='gallery galleryid-426 gallery-columns-3 gallery-size-thumbnail'><dl class='gallery-item'>\n\t\t\t<dt class='gallery-icon landscape'>\n\t\t\t\t<a href='http:\/\/rfk-nuernberg.de\/WordPress\/wp-content\/uploads\/2013\/01\/wpid-Photo-15.12.2012-1637.jpg'><img loading=\"lazy\" decoding=\"async\" width=\"150\" height=\"150\" src=\"http:\/\/rfk-nuernberg.de\/WordPress\/wp-content\/uploads\/2013\/01\/wpid-Photo-15.12.2012-1637-150x150.jpg\" class=\"attachment-thumbnail size-thumbnail\" alt=\"\" \/><\/a>\n\t\t\t<\/dt><\/dl><dl class='gallery-item'>\n\t\t\t<dt class='gallery-icon portrait'>\n\t\t\t\t<a href='http:\/\/rfk-nuernberg.de\/WordPress\/wp-content\/uploads\/2013\/01\/wpid-Photo-15.12.2012-18041.jpg'><img loading=\"lazy\" decoding=\"async\" width=\"150\" height=\"150\" src=\"http:\/\/rfk-nuernberg.de\/WordPress\/wp-content\/uploads\/2013\/01\/wpid-Photo-15.12.2012-18041-150x150.jpg\" class=\"attachment-thumbnail size-thumbnail\" alt=\"\" \/><\/a>\n\t\t\t<\/dt><\/dl><dl class='gallery-item'>\n\t\t\t<dt class='gallery-icon landscape'>\n\t\t\t\t<a href='http:\/\/rfk-nuernberg.de\/WordPress\/wp-content\/uploads\/2013\/01\/wpid-Photo-15.12.2012-17271.jpg'><img loading=\"lazy\" decoding=\"async\" width=\"150\" height=\"150\" src=\"http:\/\/rfk-nuernberg.de\/WordPress\/wp-content\/uploads\/2013\/01\/wpid-Photo-15.12.2012-17271-150x150.jpg\" class=\"attachment-thumbnail size-thumbnail\" alt=\"\" \/><\/a>\n\t\t\t<\/dt><\/dl><br style=\"clear: both\" \/><dl class='gallery-item'>\n\t\t\t<dt class='gallery-icon landscape'>\n\t\t\t\t<a href='http:\/\/rfk-nuernberg.de\/WordPress\/wp-content\/uploads\/2012\/12\/IMG_5668.jpg'><img loading=\"lazy\" decoding=\"async\" width=\"150\" height=\"150\" src=\"http:\/\/rfk-nuernberg.de\/WordPress\/wp-content\/uploads\/2012\/12\/IMG_5668-150x150.jpg\" class=\"attachment-thumbnail size-thumbnail\" alt=\"\" \/><\/a>\n\t\t\t<\/dt><\/dl><dl class='gallery-item'>\n\t\t\t<dt class='gallery-icon landscape'>\n\t\t\t\t<a href='http:\/\/rfk-nuernberg.de\/WordPress\/wp-content\/uploads\/2012\/12\/IMG_5657.jpg'><img loading=\"lazy\" decoding=\"async\" width=\"150\" height=\"150\" src=\"http:\/\/rfk-nuernberg.de\/WordPress\/wp-content\/uploads\/2012\/12\/IMG_5657-150x150.jpg\" class=\"attachment-thumbnail size-thumbnail\" alt=\"\" \/><\/a>\n\t\t\t<\/dt><\/dl><dl class='gallery-item'>\n\t\t\t<dt class='gallery-icon landscape'>\n\t\t\t\t<a href='http:\/\/rfk-nuernberg.de\/WordPress\/wp-content\/uploads\/2012\/12\/IMG_5654.jpg'><img loading=\"lazy\" decoding=\"async\" width=\"150\" height=\"150\" src=\"http:\/\/rfk-nuernberg.de\/WordPress\/wp-content\/uploads\/2012\/12\/IMG_5654-150x150.jpg\" class=\"attachment-thumbnail size-thumbnail\" alt=\"\" \/><\/a>\n\t\t\t<\/dt><\/dl><br style=\"clear: both\" \/>\n\t\t<\/div>\n\n","protected":false},"excerpt":{"rendered":"<p>So schnell kann es gehen: Aus einer fixen Idee entstand ein Klub und der feierte inzwischen seinen dreij\u00e4hrigen Geburtstag. Der Tradition folgend trafen sich die Klub-Mitglieder Ilse, Schweizer Franke (in Begleitung von Fast-Mitglied Kiki), Aitsch und Schefer am 15.12.2012 im &hellip; <a href=\"http:\/\/rfk-nuernberg.de\/WordPress\/2012\/12\/31\/drei-jahre-und-kein-bischen-mude-der-rfk-feiert-sich-und-seine-freunde-auf-dem-christkindlesmarkt-in-nurnberg\/\">Weiterlesen <span class=\"meta-nav\">&rarr;<\/span><\/a><\/p>\n","protected":false},"author":8,"featured_media":0,"comment_status":"open","ping_status":"open","sticky":false,"template":"","format":"gallery","meta":{"footnotes":""},"categories":[31,15],"tags":[43,44],"class_list":["post-426","post","type-post","status-publish","format-gallery","hentry","category-allgemein","category-protokolle","tag-jhv","tag-nurnberg","post_format-post-format-gallery"],"_links":{"self":[{"href":"http:\/\/rfk-nuernberg.de\/WordPress\/wp-json\/wp\/v2\/posts\/426","targetHints":{"allow":["GET"]}}],"collection":[{"href":"http:\/\/rfk-nuernberg.de\/WordPress\/wp-json\/wp\/v2\/posts"}],"about":[{"href":"http:\/\/rfk-nuernberg.de\/WordPress\/wp-json\/wp\/v2\/types\/post"}],"author":[{"embeddable":true,"href":"http:\/\/rfk-nuernberg.de\/WordPress\/wp-json\/wp\/v2\/users\/8"}],"replies":[{"embeddable":true,"href":"http:\/\/rfk-nuernberg.de\/WordPress\/wp-json\/wp\/v2\/comments?post=426"}],"version-history":[{"count":11,"href":"http:\/\/rfk-nuernberg.de\/WordPress\/wp-json\/wp\/v2\/posts\/426\/revisions"}],"predecessor-version":[{"id":431,"href":"http:\/\/rfk-nuernberg.de\/WordPress\/wp-json\/wp\/v2\/posts\/426\/revisions\/431"}],"wp:attachment":[{"href":"http:\/\/rfk-nuernberg.de\/WordPress\/wp-json\/wp\/v2\/media?parent=426"}],"wp:term":[{"taxonomy":"category","embeddable":true,"href":"http:\/\/rfk-nuernberg.de\/WordPress\/wp-json\/wp\/v2\/categories?post=426"},{"taxonomy":"post_tag","embeddable":true,"href":"http:\/\/rfk-nuernberg.de\/WordPress\/wp-json\/wp\/v2\/tags?post=426"}],"curies":[{"name":"wp","href":"https:\/\/api.w.org\/{rel}","templated":true}]}}