{"id":23,"date":"2011-10-13T22:00:37","date_gmt":"2011-10-13T20:00:37","guid":{"rendered":"http:\/\/rfk-nuernberg.de\/WordPress\/?p=23"},"modified":"2012-07-19T10:04:06","modified_gmt":"2012-07-19T08:04:06","slug":"platz-19-beim-lauf-durch-bayerns-metropole","status":"publish","type":"post","link":"http:\/\/rfk-nuernberg.de\/WordPress\/2011\/10\/13\/platz-19-beim-lauf-durch-bayerns-metropole\/","title":{"rendered":"Platz 19 beim Lauf durch Bayerns Metropole"},"content":{"rendered":"<h3>(bsc) Eine Teilnahme beim M\u00dcNCHEN MARATHON ist mehr als nur eine pers\u00f6nliche Herausforderung, denn 42,195 Kilometer kann man (fast) \u00fcberall laufen. Mit einem Start in der bayerischen Metropole verkn\u00fcpft man das sportliche Ereignis mit einem architektonischem Erlebnis, die l\u00e4uferische H\u00f6chstleistung mit einem \u00e4sthetischen Vergn\u00fcgen. Allein ein Blick auf die Streckenf\u00fchrung entlang weltber\u00fchmter M\u00fcnchner Sehensw\u00fcrdigkeiten wie dem Olympiapark, dem Englischen Garten, dem Marienplatz mit dem Rathaus, vorbei an der Oper und der Residenz und den ber\u00fchmten Pinakotheken, \u00fcber den Odeonsplatz zum Siegestor, weiter \u00fcber die Leopoldstra\u00dfe und durch das Herz Schwabing zur\u00fcck zum Olympiapark beweist, wie einzigartig die Kulisse des M\u00dcNCHEN MARATHON ist.<\/h3>\n<p>Zeit zum Genie\u00dfen der Strecke blieb den RFK-lern um Startl\u00e4ufer Aitsch jedoch kaum, galt es doch den k\u00fchlen 6\u00b0 Au\u00dfentemperatur zu trotzen und eine Gesamtzeit von 03:30:00 Std. zu u<strong><\/strong>nterbieten. Nach weniger als einer halben Stunde \u00fcbergab unser Spargelbauer dann auch schon den Staffelstab an unseren Schweizer Franken, der den Englischen Garten in knapp \u00fcber einer Stunde hinter sich lie\u00df. Schwergewicht \u201eAntje\u201c Schefer legte sich auch kr\u00e4ftig ins Zeug und blieb auf dem 10,5 km langen Teilst\u00fcck gut unter einer Stunde, was unseren <strong><\/strong>Gast- und Schlu\u00dfl\u00e4ufer Thomas dazu animierte den \u00fcbrigen Staffeln noch einmal kr\u00e4ftig die Sohle zu zeigen. Am Ende der Stadionrunde im Olympiastadion blieb die Uhr f\u00fcr unsere Helden bei sagenhaften 03:11:06 Stunden stehen, was im Gesamtklassement einen sensationellen Platz 19 bedeutete.<br \/>\nAbgerundet wurde das gute Ergebnis unserer RFK-ler durch die Laufleistungen von Micha und Haj\u00f6. W\u00e4hrend Micha seine Halbmarathon-Premiere mit \u00fcberragenden 01:38:11 Stunden u<strong><\/strong>nd Platz 94 in der AK M30 feierte, best\u00e4tigte \u201eHerbergsvater\u201c und Gastl\u00e4ufer Haj\u00f6 \u00fcber 10 km seine Fabelzeit aus dem Jahre 2009 und landete mit 01:02:18 Stunden auf Platz 102 in der AK M35.<\/p>\n<p><strong><div id='gallery-1' class='gallery galleryid-23 gallery-columns-3 gallery-size-thumbnail'><dl class='gallery-item'>\n\t\t\t<dt class='gallery-icon landscape'>\n\t\t\t\t<a href='http:\/\/rfk-nuernberg.de\/WordPress\/2011\/10\/13\/platz-19-beim-lauf-durch-bayerns-metropole\/munchen-marathon-2011_029-web\/'><img loading=\"lazy\" decoding=\"async\" width=\"150\" height=\"150\" src=\"http:\/\/rfk-nuernberg.de\/WordPress\/wp-content\/uploads\/2012\/07\/M\u00fcnchen-Marathon-2011_029-web-150x150.jpg\" class=\"attachment-thumbnail size-thumbnail\" alt=\"\" \/><\/a>\n\t\t\t<\/dt><\/dl><dl class='gallery-item'>\n\t\t\t<dt class='gallery-icon landscape'>\n\t\t\t\t<a href='http:\/\/rfk-nuernberg.de\/WordPress\/2011\/10\/13\/platz-19-beim-lauf-durch-bayerns-metropole\/munchen-marathon-2011_025-web\/'><img loading=\"lazy\" decoding=\"async\" width=\"150\" height=\"150\" src=\"http:\/\/rfk-nuernberg.de\/WordPress\/wp-content\/uploads\/2012\/07\/M\u00fcnchen-Marathon-2011_025-web1-150x150.jpg\" class=\"attachment-thumbnail size-thumbnail\" alt=\"\" \/><\/a>\n\t\t\t<\/dt><\/dl>\n\t\t\t<br style='clear: both' \/>\n\t\t<\/div>\n<\/p>\n<p><\/strong><\/p>\n<p>&nbsp;<\/p>\n","protected":false},"excerpt":{"rendered":"<p>(bsc) Eine Teilnahme beim M\u00dcNCHEN MARATHON ist mehr als nur eine pers\u00f6nliche Herausforderung, denn 42,195 Kilometer kann man (fast) \u00fcberall laufen. Mit einem Start in der bayerischen Metropole verkn\u00fcpft man das sportliche Ereignis mit einem architektonischem Erlebnis, die l\u00e4uferische H\u00f6chstleistung &hellip; <a href=\"http:\/\/rfk-nuernberg.de\/WordPress\/2011\/10\/13\/platz-19-beim-lauf-durch-bayerns-metropole\/\">Weiterlesen <span class=\"meta-nav\">&rarr;<\/span><\/a><\/p>\n","protected":false},"author":8,"featured_media":0,"comment_status":"open","ping_status":"open","sticky":false,"template":"","format":"gallery","meta":{"footnotes":""},"categories":[14],"tags":[25,20],"class_list":["post-23","post","type-post","status-publish","format-gallery","hentry","category-run-event","tag-marathon","tag-munchen","post_format-post-format-gallery"],"_links":{"self":[{"href":"http:\/\/rfk-nuernberg.de\/WordPress\/wp-json\/wp\/v2\/posts\/23","targetHints":{"allow":["GET"]}}],"collection":[{"href":"http:\/\/rfk-nuernberg.de\/WordPress\/wp-json\/wp\/v2\/posts"}],"about":[{"href":"http:\/\/rfk-nuernberg.de\/WordPress\/wp-json\/wp\/v2\/types\/post"}],"author":[{"embeddable":true,"href":"http:\/\/rfk-nuernberg.de\/WordPress\/wp-json\/wp\/v2\/users\/8"}],"replies":[{"embeddable":true,"href":"http:\/\/rfk-nuernberg.de\/WordPress\/wp-json\/wp\/v2\/comments?post=23"}],"version-history":[{"count":9,"href":"http:\/\/rfk-nuernberg.de\/WordPress\/wp-json\/wp\/v2\/posts\/23\/revisions"}],"predecessor-version":[{"id":365,"href":"http:\/\/rfk-nuernberg.de\/WordPress\/wp-json\/wp\/v2\/posts\/23\/revisions\/365"}],"wp:attachment":[{"href":"http:\/\/rfk-nuernberg.de\/WordPress\/wp-json\/wp\/v2\/media?parent=23"}],"wp:term":[{"taxonomy":"category","embeddable":true,"href":"http:\/\/rfk-nuernberg.de\/WordPress\/wp-json\/wp\/v2\/categories?post=23"},{"taxonomy":"post_tag","embeddable":true,"href":"http:\/\/rfk-nuernberg.de\/WordPress\/wp-json\/wp\/v2\/tags?post=23"}],"curies":[{"name":"wp","href":"https:\/\/api.w.org\/{rel}","templated":true}]}}