{"id":1696,"date":"2023-03-26T19:59:02","date_gmt":"2023-03-26T17:59:02","guid":{"rendered":"http:\/\/rfk-nuernberg.de\/WordPress\/?p=1696"},"modified":"2023-03-26T21:15:20","modified_gmt":"2023-03-26T19:15:20","slug":"fruehlingserwachen-beim-rfk-die-laufsaison-hat-begonnen","status":"publish","type":"post","link":"http:\/\/rfk-nuernberg.de\/WordPress\/2023\/03\/26\/fruehlingserwachen-beim-rfk-die-laufsaison-hat-begonnen\/","title":{"rendered":"<strong>Fr\u00fchlingserwachen beim RFK &#8211; die Laufsaison hat begonnen<\/strong>"},"content":{"rendered":"\n<p><strong>Paris, Lissabon, Dresden und Nancy &#8211; gleich zu Beginn des Jahres setzen die RFK-ler ein dickes Ausrufezeichen in Sachen RUN-Events.<\/strong><\/p>\n\n\n\n<p>W\u00e4hrend Fritz seine Lisa am ersten M\u00e4rz-Wochenende \u00fcber den 21 km-Rundkurs entlang der Seine und durch den Bois de Vincennes treibt, qu\u00e4len sich Spitzus und der Schefer eine Woche sp\u00e4ter in der warmen Fr\u00fchlingssonne Portugals beim Meia Maratona Lisboa, dem ersten Halbmarathon der Superhalfs-Serie 2023.\u00a0Trotz des Genusses einiger Sagres und vieler Past\u00e9is de Bel\u00e9m kommen beide gut \u00fcber den Tejo und freudestrahlend ins Ziel.<\/p>\n\n\n\n<p>Nicht weniger engagiert und motiviert als die beiden gehen Sch\u00f6ppic und Schmittie am 19.03. in Dresden beim 10 km Citylauf an den Start. Gerade f\u00fcr Sch\u00f6ppic ist dieser Lauf ein wichtiger und richtungsweisender Test auf seinem Weg nach Paris &#8211; schlie\u00dflich steht f\u00fcr ihn dort Anfang April der Paris Marathon an, den er und der Schefer bekanntlich 2015 aufgrund ungl\u00fccklicher Verletzungen kurzfristig absagen mussten.\u00a0<\/p>\n\n\n\n<p>Apropos Schefer: Auch dieser m\u00f6chte in diesem Jahr in Paris die begehrte Medaille holen und nimmt daf\u00fcr sogar einen weiteren Halbmarathon in Angriff. Nach Lissabon finished er binnen einer Woche gemeinsam mit &#8222;Gartenfreund&#8220; Torsten auch den Semi-Marathon de la M\u00e9tropole du Grand Nancy und das trotz seiner &#8222;schweren&#8220; Beine sogar einen Hauch schneller als bei seinem Start an gleicher Stelle im Jahr 2019!\u00a0<\/p>\n\n\n\n<p>Chapeau, ihr flei\u00dfigen RFK-ler! Jetzt hei\u00dft es dranbleiben und nicht mehr krank werden bis zum Paris Marathon!<\/p>\n\n\n\n<div class=\"wp-block-group\"><div class=\"wp-block-group__inner-container is-layout-constrained wp-block-group-is-layout-constrained\">\n<p><\/p>\n<\/div><\/div>\n\n\n\n<figure class=\"wp-block-gallery has-nested-images columns-default is-cropped wp-block-gallery-1 is-layout-flex wp-block-gallery-is-layout-flex\">\n<figure class=\"wp-block-image size-large\"><a href=\"http:\/\/rfk-nuernberg.de\/WordPress\/wp-content\/uploads\/2023\/03\/IMG_9974.jpg\"><img loading=\"lazy\" decoding=\"async\" width=\"676\" height=\"1024\" data-id=\"1700\" src=\"http:\/\/rfk-nuernberg.de\/WordPress\/wp-content\/uploads\/2023\/03\/IMG_9974-676x1024.jpg\" alt=\"\" class=\"wp-image-1700\" srcset=\"http:\/\/rfk-nuernberg.de\/WordPress\/wp-content\/uploads\/2023\/03\/IMG_9974-676x1024.jpg 676w, http:\/\/rfk-nuernberg.de\/WordPress\/wp-content\/uploads\/2023\/03\/IMG_9974-198x300.jpg 198w, http:\/\/rfk-nuernberg.de\/WordPress\/wp-content\/uploads\/2023\/03\/IMG_9974-768x1163.jpg 768w, http:\/\/rfk-nuernberg.de\/WordPress\/wp-content\/uploads\/2023\/03\/IMG_9974-1014x1536.jpg 1014w, http:\/\/rfk-nuernberg.de\/WordPress\/wp-content\/uploads\/2023\/03\/IMG_9974.jpg 1150w\" sizes=\"auto, (max-width: 676px) 100vw, 676px\" \/><\/a><\/figure>\n\n\n\n<figure class=\"wp-block-image size-large\"><a href=\"http:\/\/rfk-nuernberg.de\/WordPress\/wp-content\/uploads\/2023\/03\/IMG_9975.jpg\"><img loading=\"lazy\" decoding=\"async\" width=\"634\" height=\"1024\" data-id=\"1699\" src=\"http:\/\/rfk-nuernberg.de\/WordPress\/wp-content\/uploads\/2023\/03\/IMG_9975-634x1024.jpg\" alt=\"\" class=\"wp-image-1699\" srcset=\"http:\/\/rfk-nuernberg.de\/WordPress\/wp-content\/uploads\/2023\/03\/IMG_9975-634x1024.jpg 634w, http:\/\/rfk-nuernberg.de\/WordPress\/wp-content\/uploads\/2023\/03\/IMG_9975-186x300.jpg 186w, http:\/\/rfk-nuernberg.de\/WordPress\/wp-content\/uploads\/2023\/03\/IMG_9975-768x1241.jpg 768w, http:\/\/rfk-nuernberg.de\/WordPress\/wp-content\/uploads\/2023\/03\/IMG_9975-951x1536.jpg 951w, http:\/\/rfk-nuernberg.de\/WordPress\/wp-content\/uploads\/2023\/03\/IMG_9975.jpg 1170w\" sizes=\"auto, (max-width: 634px) 100vw, 634px\" \/><\/a><\/figure>\n\n\n\n<figure class=\"wp-block-image size-large\"><a href=\"http:\/\/rfk-nuernberg.de\/WordPress\/wp-content\/uploads\/2023\/03\/IMG_9976.jpg\"><img loading=\"lazy\" decoding=\"async\" width=\"733\" height=\"1024\" data-id=\"1701\" src=\"http:\/\/rfk-nuernberg.de\/WordPress\/wp-content\/uploads\/2023\/03\/IMG_9976-733x1024.jpg\" alt=\"\" class=\"wp-image-1701\" srcset=\"http:\/\/rfk-nuernberg.de\/WordPress\/wp-content\/uploads\/2023\/03\/IMG_9976-733x1024.jpg 733w, http:\/\/rfk-nuernberg.de\/WordPress\/wp-content\/uploads\/2023\/03\/IMG_9976-215x300.jpg 215w, http:\/\/rfk-nuernberg.de\/WordPress\/wp-content\/uploads\/2023\/03\/IMG_9976-768x1073.jpg 768w, http:\/\/rfk-nuernberg.de\/WordPress\/wp-content\/uploads\/2023\/03\/IMG_9976-1099x1536.jpg 1099w, http:\/\/rfk-nuernberg.de\/WordPress\/wp-content\/uploads\/2023\/03\/IMG_9976.jpg 1170w\" sizes=\"auto, (max-width: 733px) 100vw, 733px\" \/><\/a><\/figure>\n\n\n\n<figure class=\"wp-block-image size-large\"><a href=\"http:\/\/rfk-nuernberg.de\/WordPress\/wp-content\/uploads\/2023\/03\/IMG_9970.jpg\"><img loading=\"lazy\" decoding=\"async\" width=\"1024\" height=\"952\" data-id=\"1702\" src=\"http:\/\/rfk-nuernberg.de\/WordPress\/wp-content\/uploads\/2023\/03\/IMG_9970-1024x952.jpg\" alt=\"\" class=\"wp-image-1702\" srcset=\"http:\/\/rfk-nuernberg.de\/WordPress\/wp-content\/uploads\/2023\/03\/IMG_9970-1024x952.jpg 1024w, http:\/\/rfk-nuernberg.de\/WordPress\/wp-content\/uploads\/2023\/03\/IMG_9970-300x279.jpg 300w, http:\/\/rfk-nuernberg.de\/WordPress\/wp-content\/uploads\/2023\/03\/IMG_9970-768x714.jpg 768w, http:\/\/rfk-nuernberg.de\/WordPress\/wp-content\/uploads\/2023\/03\/IMG_9970.jpg 1259w\" sizes=\"auto, (max-width: 1024px) 100vw, 1024px\" \/><\/a><\/figure>\n\n\n\n<figure class=\"wp-block-image size-large\"><a href=\"http:\/\/rfk-nuernberg.de\/WordPress\/wp-content\/uploads\/2023\/03\/IMG_9971.jpg\"><img loading=\"lazy\" decoding=\"async\" width=\"792\" height=\"1024\" data-id=\"1698\" src=\"http:\/\/rfk-nuernberg.de\/WordPress\/wp-content\/uploads\/2023\/03\/IMG_9971-792x1024.jpg\" alt=\"\" class=\"wp-image-1698\" srcset=\"http:\/\/rfk-nuernberg.de\/WordPress\/wp-content\/uploads\/2023\/03\/IMG_9971-792x1024.jpg 792w, http:\/\/rfk-nuernberg.de\/WordPress\/wp-content\/uploads\/2023\/03\/IMG_9971-232x300.jpg 232w, http:\/\/rfk-nuernberg.de\/WordPress\/wp-content\/uploads\/2023\/03\/IMG_9971-768x993.jpg 768w, http:\/\/rfk-nuernberg.de\/WordPress\/wp-content\/uploads\/2023\/03\/IMG_9971.jpg 894w\" sizes=\"auto, (max-width: 792px) 100vw, 792px\" \/><\/a><\/figure>\n\n\n\n<figure class=\"wp-block-image size-large\"><a href=\"http:\/\/rfk-nuernberg.de\/WordPress\/wp-content\/uploads\/2023\/03\/IMG_9977.jpg\"><img loading=\"lazy\" decoding=\"async\" width=\"640\" height=\"1024\" data-id=\"1703\" src=\"http:\/\/rfk-nuernberg.de\/WordPress\/wp-content\/uploads\/2023\/03\/IMG_9977-640x1024.jpg\" alt=\"\" class=\"wp-image-1703\" srcset=\"http:\/\/rfk-nuernberg.de\/WordPress\/wp-content\/uploads\/2023\/03\/IMG_9977-640x1024.jpg 640w, http:\/\/rfk-nuernberg.de\/WordPress\/wp-content\/uploads\/2023\/03\/IMG_9977-187x300.jpg 187w, http:\/\/rfk-nuernberg.de\/WordPress\/wp-content\/uploads\/2023\/03\/IMG_9977-768x1230.jpg 768w, http:\/\/rfk-nuernberg.de\/WordPress\/wp-content\/uploads\/2023\/03\/IMG_9977-959x1536.jpg 959w, http:\/\/rfk-nuernberg.de\/WordPress\/wp-content\/uploads\/2023\/03\/IMG_9977.jpg 1146w\" sizes=\"auto, (max-width: 640px) 100vw, 640px\" \/><\/a><\/figure>\n<\/figure>\n","protected":false},"excerpt":{"rendered":"<p>Paris, Lissabon, Dresden und Nancy &#8211; gleich zu Beginn des Jahres setzen die RFK-ler ein dickes Ausrufezeichen in Sachen RUN-Events. W\u00e4hrend Fritz seine Lisa am ersten M\u00e4rz-Wochenende \u00fcber den 21 km-Rundkurs entlang der Seine und durch den Bois de Vincennes &hellip; <a href=\"http:\/\/rfk-nuernberg.de\/WordPress\/2023\/03\/26\/fruehlingserwachen-beim-rfk-die-laufsaison-hat-begonnen\/\">Weiterlesen <span class=\"meta-nav\">&rarr;<\/span><\/a><\/p>\n","protected":false},"author":8,"featured_media":0,"comment_status":"open","ping_status":"open","sticky":false,"template":"","format":"gallery","meta":{"footnotes":""},"categories":[31,14,1],"tags":[158,155,159,157,156,84,83],"class_list":["post-1696","post","type-post","status-publish","format-gallery","hentry","category-allgemein","category-run-event","category-uncategorized","tag-die-fahne-hochhalten","tag-dresden","tag-fruehlingserwachen","tag-lissabon","tag-nancy","tag-paris","tag-road-to-paris","post_format-post-format-gallery"],"_links":{"self":[{"href":"http:\/\/rfk-nuernberg.de\/WordPress\/wp-json\/wp\/v2\/posts\/1696","targetHints":{"allow":["GET"]}}],"collection":[{"href":"http:\/\/rfk-nuernberg.de\/WordPress\/wp-json\/wp\/v2\/posts"}],"about":[{"href":"http:\/\/rfk-nuernberg.de\/WordPress\/wp-json\/wp\/v2\/types\/post"}],"author":[{"embeddable":true,"href":"http:\/\/rfk-nuernberg.de\/WordPress\/wp-json\/wp\/v2\/users\/8"}],"replies":[{"embeddable":true,"href":"http:\/\/rfk-nuernberg.de\/WordPress\/wp-json\/wp\/v2\/comments?post=1696"}],"version-history":[{"count":23,"href":"http:\/\/rfk-nuernberg.de\/WordPress\/wp-json\/wp\/v2\/posts\/1696\/revisions"}],"predecessor-version":[{"id":1727,"href":"http:\/\/rfk-nuernberg.de\/WordPress\/wp-json\/wp\/v2\/posts\/1696\/revisions\/1727"}],"wp:attachment":[{"href":"http:\/\/rfk-nuernberg.de\/WordPress\/wp-json\/wp\/v2\/media?parent=1696"}],"wp:term":[{"taxonomy":"category","embeddable":true,"href":"http:\/\/rfk-nuernberg.de\/WordPress\/wp-json\/wp\/v2\/categories?post=1696"},{"taxonomy":"post_tag","embeddable":true,"href":"http:\/\/rfk-nuernberg.de\/WordPress\/wp-json\/wp\/v2\/tags?post=1696"}],"curies":[{"name":"wp","href":"https:\/\/api.w.org\/{rel}","templated":true}]}}