{"id":1676,"date":"2022-12-30T22:42:46","date_gmt":"2022-12-30T21:42:46","guid":{"rendered":"http:\/\/rfk-nuernberg.de\/WordPress\/?p=1676"},"modified":"2022-12-30T23:17:00","modified_gmt":"2022-12-30T22:17:00","slug":"endlich-wieder-live-und-in-farbe-der-rfk-trifft-sich-nach-2-jahren-corona-pause-wieder-auf-dem-christkindlesmarkt-in-nuernberg","status":"publish","type":"post","link":"http:\/\/rfk-nuernberg.de\/WordPress\/2022\/12\/30\/endlich-wieder-live-und-in-farbe-der-rfk-trifft-sich-nach-2-jahren-corona-pause-wieder-auf-dem-christkindlesmarkt-in-nuernberg\/","title":{"rendered":"Endlich wieder live und in Farbe \u2013 der RFK trifft sich nach 2 Jahren Corona-Pause wieder auf dem Christkindlesmarkt in N\u00fcrnberg"},"content":{"rendered":"\n<p><strong>\u201eWir haben Corona \u00fcberlebt!\u201c &#8211; Ja, so wie bei diesem Wiedersehen haben sich die RFK-ler lange nicht \u00fcber ein \u201eechtes\u201c Treffen gefreut! Die Pandemie ist zwar noch lange nicht (ganz) vorbei, aber immerhin sind Gro\u00dfveranstaltungen wie der Christkindlesmarkt wieder erlaubt.<\/strong><\/p>\n\n\n\n<p><br \/>Bevor es aber traditionell ins \u201eDas Paul\u201c zur Jahreshauptversammlung ging, trafen sich Micha, Fritz und der Schefer in Forchheim zum legend\u00e4ren 5 km-Lauf. Eigentlich hatte auch Schmittie zugesagt, der K\u00e4lte zu trotzen und die rote Laterne von 2015 zu verteidigen, aber eine IKEA-Bestellung seiner Gattin Anna lies dies dann kurzfristig doch nicht zu. Leider!<br \/>Mal ohne Versp\u00e4tung angekommen konnten Fritz und der Schefer im \u201eDas Paul\u201c die besten Pl\u00e4tze f\u00fcr die RFK-JHV sichern. Man glaubt es kaum, aber unter den Heizstrahlern f\u00fchlten sich unsere RFK-ler Micha und Schmittie, Tanja und Haj\u00f6 nebst Hugo fast wie an den Str\u00e4nden Guadeloupes. Tja, und nur mit M\u00fche konnte Fritz abgehalten werden, sich seiner Oberbekleidung zu entledigen und K\u00f6stlichkeiten der Karibik zu bestellen.<br \/>Ebenfalls das L\u00e4cheln kaum aus dem Gesicht bekam unser Schmittie, den Tanja (ihres Zeichens im Vorstand zust\u00e4ndig f\u00fcr s\u00e4mtliche Fun-Aktivit\u00e4ten) im Namen des Klubs mit einem kleinen Geschenk anl\u00e4sslich seiner Hochzeit mit besagter Anna \u00fcberraschte. Damit nicht genug, auch der Rest der Truppe hatte so viel zu erz\u00e4hlen, dass man fast vergessen h\u00e4tte, sich mit den anderen OKA-lern auf dem \u201eMarkt der Partnerst\u00e4dte\u201c zu treffen.  <br \/>Nach ein kurzem Zwischenstop dort ging es erneut in das Wirtshaus \u201eH\u00fctt&#8217;n\u201c, wo sich Brigitte sowie Geli und Mick unserer lustigen Runde anschlossen. Nat\u00fcrlich wurde auch in diesem Jahr wieder an Willi und Heino gedacht und das eine oder andere Glas auf sie gehoben. Ganz ehrlich, wir vermissen euch und eure Geschichten, ihr beiden N\u00fcrnberger Legenden!<br \/>Nicht ohne sich in die Hand zu versprechen, in den n\u00e4chsten Wochen und Monaten den Kontakt untereinander wieder zu intensivieren und die eine oder andere Tour zusammen zu machen, endete dieser wundersch\u00f6ne Abend weit nach Mitternacht. Mal schauen, was es in einem Jahr so alles von und \u00fcber den RFK zu berichten gibt!<\/p>\n\n\n\n<p><br \/>Euch allen w\u00fcnsche ich einen guten Rutsch ins Jahr 2023 verbunden mit dem Wunsch euch alle (!) alsbald wieder zu sehen &#8211; live und in Farbe. Das w\u00e4re toll! <br \/>Euer Schefer<\/p>\n\n\n\n<p><\/p>\n\n\n\n<figure class=\"wp-block-gallery has-nested-images columns-default is-cropped wp-block-gallery-1 is-layout-flex wp-block-gallery-is-layout-flex\">\n<figure class=\"wp-block-image size-large\"><a href=\"http:\/\/rfk-nuernberg.de\/WordPress\/wp-content\/uploads\/2022\/12\/2022-12-03-JHV_01-Christkindlesmarkt.jpeg\"><img loading=\"lazy\" decoding=\"async\" width=\"1024\" height=\"768\" data-id=\"1680\" src=\"http:\/\/rfk-nuernberg.de\/WordPress\/wp-content\/uploads\/2022\/12\/2022-12-03-JHV_01-Christkindlesmarkt.jpeg\" alt=\"\" class=\"wp-image-1680\" srcset=\"http:\/\/rfk-nuernberg.de\/WordPress\/wp-content\/uploads\/2022\/12\/2022-12-03-JHV_01-Christkindlesmarkt.jpeg 1024w, http:\/\/rfk-nuernberg.de\/WordPress\/wp-content\/uploads\/2022\/12\/2022-12-03-JHV_01-Christkindlesmarkt-300x225.jpeg 300w, http:\/\/rfk-nuernberg.de\/WordPress\/wp-content\/uploads\/2022\/12\/2022-12-03-JHV_01-Christkindlesmarkt-768x576.jpeg 768w\" sizes=\"auto, (max-width: 1024px) 100vw, 1024px\" \/><\/a><\/figure>\n\n\n\n<figure class=\"wp-block-image size-large\"><a href=\"http:\/\/rfk-nuernberg.de\/WordPress\/wp-content\/uploads\/2022\/12\/2022-12-03-JHV_02-Forchheim-5km.jpeg\"><img loading=\"lazy\" decoding=\"async\" width=\"1024\" height=\"768\" data-id=\"1681\" src=\"http:\/\/rfk-nuernberg.de\/WordPress\/wp-content\/uploads\/2022\/12\/2022-12-03-JHV_02-Forchheim-5km.jpeg\" alt=\"\" class=\"wp-image-1681\" srcset=\"http:\/\/rfk-nuernberg.de\/WordPress\/wp-content\/uploads\/2022\/12\/2022-12-03-JHV_02-Forchheim-5km.jpeg 1024w, http:\/\/rfk-nuernberg.de\/WordPress\/wp-content\/uploads\/2022\/12\/2022-12-03-JHV_02-Forchheim-5km-300x225.jpeg 300w, http:\/\/rfk-nuernberg.de\/WordPress\/wp-content\/uploads\/2022\/12\/2022-12-03-JHV_02-Forchheim-5km-768x576.jpeg 768w\" sizes=\"auto, (max-width: 1024px) 100vw, 1024px\" \/><\/a><\/figure>\n\n\n\n<figure class=\"wp-block-image size-large\"><a href=\"http:\/\/rfk-nuernberg.de\/WordPress\/wp-content\/uploads\/2022\/12\/2022-12-03-JHV_03-Das-Paul.jpeg\"><img loading=\"lazy\" decoding=\"async\" width=\"1024\" height=\"768\" data-id=\"1682\" src=\"http:\/\/rfk-nuernberg.de\/WordPress\/wp-content\/uploads\/2022\/12\/2022-12-03-JHV_03-Das-Paul.jpeg\" alt=\"\" class=\"wp-image-1682\" srcset=\"http:\/\/rfk-nuernberg.de\/WordPress\/wp-content\/uploads\/2022\/12\/2022-12-03-JHV_03-Das-Paul.jpeg 1024w, http:\/\/rfk-nuernberg.de\/WordPress\/wp-content\/uploads\/2022\/12\/2022-12-03-JHV_03-Das-Paul-300x225.jpeg 300w, http:\/\/rfk-nuernberg.de\/WordPress\/wp-content\/uploads\/2022\/12\/2022-12-03-JHV_03-Das-Paul-768x576.jpeg 768w\" sizes=\"auto, (max-width: 1024px) 100vw, 1024px\" \/><\/a><\/figure>\n\n\n\n<figure class=\"wp-block-image size-large\"><a href=\"http:\/\/rfk-nuernberg.de\/WordPress\/wp-content\/uploads\/2022\/12\/2022-12-03-JHV_04-Schmittie-Hochzeit.jpeg\"><img loading=\"lazy\" decoding=\"async\" width=\"1024\" height=\"768\" data-id=\"1683\" src=\"http:\/\/rfk-nuernberg.de\/WordPress\/wp-content\/uploads\/2022\/12\/2022-12-03-JHV_04-Schmittie-Hochzeit.jpeg\" alt=\"\" class=\"wp-image-1683\" srcset=\"http:\/\/rfk-nuernberg.de\/WordPress\/wp-content\/uploads\/2022\/12\/2022-12-03-JHV_04-Schmittie-Hochzeit.jpeg 1024w, http:\/\/rfk-nuernberg.de\/WordPress\/wp-content\/uploads\/2022\/12\/2022-12-03-JHV_04-Schmittie-Hochzeit-300x225.jpeg 300w, http:\/\/rfk-nuernberg.de\/WordPress\/wp-content\/uploads\/2022\/12\/2022-12-03-JHV_04-Schmittie-Hochzeit-768x576.jpeg 768w\" sizes=\"auto, (max-width: 1024px) 100vw, 1024px\" \/><\/a><\/figure>\n\n\n\n<figure class=\"wp-block-image size-large\"><a href=\"http:\/\/rfk-nuernberg.de\/WordPress\/wp-content\/uploads\/2022\/12\/2022-12-03-JHV_05-Alle-zusammen.jpeg\"><img loading=\"lazy\" decoding=\"async\" width=\"1024\" height=\"768\" data-id=\"1684\" src=\"http:\/\/rfk-nuernberg.de\/WordPress\/wp-content\/uploads\/2022\/12\/2022-12-03-JHV_05-Alle-zusammen.jpeg\" alt=\"\" class=\"wp-image-1684\" srcset=\"http:\/\/rfk-nuernberg.de\/WordPress\/wp-content\/uploads\/2022\/12\/2022-12-03-JHV_05-Alle-zusammen.jpeg 1024w, http:\/\/rfk-nuernberg.de\/WordPress\/wp-content\/uploads\/2022\/12\/2022-12-03-JHV_05-Alle-zusammen-300x225.jpeg 300w, http:\/\/rfk-nuernberg.de\/WordPress\/wp-content\/uploads\/2022\/12\/2022-12-03-JHV_05-Alle-zusammen-768x576.jpeg 768w\" sizes=\"auto, (max-width: 1024px) 100vw, 1024px\" \/><\/a><\/figure>\n\n\n\n<figure class=\"wp-block-image size-large\"><a href=\"http:\/\/rfk-nuernberg.de\/WordPress\/wp-content\/uploads\/2022\/12\/2022-12-03-JHV_06-Endlich-wieder-Nuernberg.jpeg\"><img loading=\"lazy\" decoding=\"async\" width=\"1024\" height=\"768\" data-id=\"1685\" src=\"http:\/\/rfk-nuernberg.de\/WordPress\/wp-content\/uploads\/2022\/12\/2022-12-03-JHV_06-Endlich-wieder-Nuernberg.jpeg\" alt=\"\" class=\"wp-image-1685\" srcset=\"http:\/\/rfk-nuernberg.de\/WordPress\/wp-content\/uploads\/2022\/12\/2022-12-03-JHV_06-Endlich-wieder-Nuernberg.jpeg 1024w, http:\/\/rfk-nuernberg.de\/WordPress\/wp-content\/uploads\/2022\/12\/2022-12-03-JHV_06-Endlich-wieder-Nuernberg-300x225.jpeg 300w, http:\/\/rfk-nuernberg.de\/WordPress\/wp-content\/uploads\/2022\/12\/2022-12-03-JHV_06-Endlich-wieder-Nuernberg-768x576.jpeg 768w\" sizes=\"auto, (max-width: 1024px) 100vw, 1024px\" \/><\/a><\/figure>\n<\/figure>\n","protected":false},"excerpt":{"rendered":"<p>\u201eWir haben Corona \u00fcberlebt!\u201c &#8211; Ja, so wie bei diesem Wiedersehen haben sich die RFK-ler lange nicht \u00fcber ein \u201eechtes\u201c Treffen gefreut! Die Pandemie ist zwar noch lange nicht (ganz) vorbei, aber immerhin sind Gro\u00dfveranstaltungen wie der Christkindlesmarkt wieder erlaubt. &hellip; <a href=\"http:\/\/rfk-nuernberg.de\/WordPress\/2022\/12\/30\/endlich-wieder-live-und-in-farbe-der-rfk-trifft-sich-nach-2-jahren-corona-pause-wieder-auf-dem-christkindlesmarkt-in-nuernberg\/\">Weiterlesen <span class=\"meta-nav\">&rarr;<\/span><\/a><\/p>\n","protected":false},"author":8,"featured_media":0,"comment_status":"open","ping_status":"open","sticky":false,"template":"","format":"gallery","meta":{"footnotes":""},"categories":[31,27,14],"tags":[152,56,128,52,136,153,154,44,135],"class_list":["post-1676","post","type-post","status-publish","format-gallery","hentry","category-allgemein","category-fun-event","category-run-event","tag-schmittiehatgeheiratet","tag-christkindlesmarkt","tag-das-paul","tag-forchheim","tag-gluehwein","tag-guadeloupe","tag-heino-und-willi","tag-nurnberg","tag-wirthaus-huettn","post_format-post-format-gallery"],"_links":{"self":[{"href":"http:\/\/rfk-nuernberg.de\/WordPress\/wp-json\/wp\/v2\/posts\/1676","targetHints":{"allow":["GET"]}}],"collection":[{"href":"http:\/\/rfk-nuernberg.de\/WordPress\/wp-json\/wp\/v2\/posts"}],"about":[{"href":"http:\/\/rfk-nuernberg.de\/WordPress\/wp-json\/wp\/v2\/types\/post"}],"author":[{"embeddable":true,"href":"http:\/\/rfk-nuernberg.de\/WordPress\/wp-json\/wp\/v2\/users\/8"}],"replies":[{"embeddable":true,"href":"http:\/\/rfk-nuernberg.de\/WordPress\/wp-json\/wp\/v2\/comments?post=1676"}],"version-history":[{"count":3,"href":"http:\/\/rfk-nuernberg.de\/WordPress\/wp-json\/wp\/v2\/posts\/1676\/revisions"}],"predecessor-version":[{"id":1687,"href":"http:\/\/rfk-nuernberg.de\/WordPress\/wp-json\/wp\/v2\/posts\/1676\/revisions\/1687"}],"wp:attachment":[{"href":"http:\/\/rfk-nuernberg.de\/WordPress\/wp-json\/wp\/v2\/media?parent=1676"}],"wp:term":[{"taxonomy":"category","embeddable":true,"href":"http:\/\/rfk-nuernberg.de\/WordPress\/wp-json\/wp\/v2\/categories?post=1676"},{"taxonomy":"post_tag","embeddable":true,"href":"http:\/\/rfk-nuernberg.de\/WordPress\/wp-json\/wp\/v2\/tags?post=1676"}],"curies":[{"name":"wp","href":"https:\/\/api.w.org\/{rel}","templated":true}]}}