{"id":1645,"date":"2021-12-31T22:47:01","date_gmt":"2021-12-31T21:47:01","guid":{"rendered":"http:\/\/rfk-nuernberg.de\/WordPress\/?p=1645"},"modified":"2022-01-03T19:58:18","modified_gmt":"2022-01-03T18:58:18","slug":"corona-und-kein-ende-auch-2021-endet-online","status":"publish","type":"post","link":"http:\/\/rfk-nuernberg.de\/WordPress\/2021\/12\/31\/corona-und-kein-ende-auch-2021-endet-online\/","title":{"rendered":"Corona und kein Ende \u2013 auch 2021 endet leider wieder nur online!"},"content":{"rendered":"\n<p><strong>Das Jahr 2021 sollte besser werden als das verflixte Corona-Jahr 2020 \u2013 ja, und das wurde es auch, zumindest teilweise. Im Juni traf man sich zur EURO in M\u00fcnchen, im September dann zum Marathon in Berlin und schlussendlich am Silvestertag wieder online zum \u201eJahresausklagbierchen\u201c.<\/strong><\/p>\n\n\n\n<p>Dass es auch in 2021 wieder keinen Christkindlesmarkt in N\u00fcrnberg gab \u2013 geschenkt! DENN WIR RFK-LER K\u00d6NNEN WARTEN, LIEBES VIRUS. Und die Zeit bis zu einem richtig gro\u00dfen Wiedersehen gut \u00fcberbr\u00fccken &#8211; bspw. mit einem online Benefiz-Lauf (in Leipzig, Siegburg und nat\u00fcrlich N\u00fcrnberg), mit einem \u201ePublic Viewing\u201c in M\u00fcnchen, einem Spitzenklassen-Laufevent in Berlin oder oder oder.<\/p>\n\n\n\n<p>In 2022 soll\u00b4s lustig &amp; sportlich weitergehen. Am besten schon Anfang April im Rahmen des Marathons in Leipzig. Joe l\u00e4dt ein zur gro\u00dfen Sachsen-Sause! Und dann ist COVID19 hoffentlich auch schon bzw. bald Geschichte!<\/p>\n\n\n\n<p>In diesem Sinne! Ich freue mich auf ein gemeinsames 2022 mit Euch! <\/p>\n\n\n\n<p>Euer Schefer<\/p>\n\n\n\n<figure class=\"wp-block-gallery columns-2 is-cropped wp-block-gallery-1 is-layout-flex wp-block-gallery-is-layout-flex\"><ul class=\"blocks-gallery-grid\"><li class=\"blocks-gallery-item\"><figure><a href=\"http:\/\/rfk-nuernberg.de\/WordPress\/wp-content\/uploads\/2021\/12\/RFK-2021_02-1024x576.jpeg\"><img loading=\"lazy\" decoding=\"async\" width=\"1024\" height=\"576\" src=\"http:\/\/rfk-nuernberg.de\/WordPress\/wp-content\/uploads\/2021\/12\/RFK-2021_02-1024x576.jpeg\" alt=\"\" data-id=\"1648\" data-link=\"http:\/\/rfk-nuernberg.de\/WordPress\/?attachment_id=1648\" class=\"wp-image-1648\" srcset=\"http:\/\/rfk-nuernberg.de\/WordPress\/wp-content\/uploads\/2021\/12\/RFK-2021_02-1024x576.jpeg 1024w, http:\/\/rfk-nuernberg.de\/WordPress\/wp-content\/uploads\/2021\/12\/RFK-2021_02-300x169.jpeg 300w, http:\/\/rfk-nuernberg.de\/WordPress\/wp-content\/uploads\/2021\/12\/RFK-2021_02-768x432.jpeg 768w, http:\/\/rfk-nuernberg.de\/WordPress\/wp-content\/uploads\/2021\/12\/RFK-2021_02.jpeg 1334w\" sizes=\"auto, (max-width: 1024px) 100vw, 1024px\" \/><\/a><\/figure><\/li><li class=\"blocks-gallery-item\"><figure><a href=\"http:\/\/rfk-nuernberg.de\/WordPress\/wp-content\/uploads\/2021\/12\/RFK-2021_01-1024x576.jpeg\"><img loading=\"lazy\" decoding=\"async\" width=\"1024\" height=\"576\" src=\"http:\/\/rfk-nuernberg.de\/WordPress\/wp-content\/uploads\/2021\/12\/RFK-2021_01-1024x576.jpeg\" alt=\"\" data-id=\"1647\" data-link=\"http:\/\/rfk-nuernberg.de\/WordPress\/?attachment_id=1647\" class=\"wp-image-1647\" srcset=\"http:\/\/rfk-nuernberg.de\/WordPress\/wp-content\/uploads\/2021\/12\/RFK-2021_01-1024x576.jpeg 1024w, http:\/\/rfk-nuernberg.de\/WordPress\/wp-content\/uploads\/2021\/12\/RFK-2021_01-300x169.jpeg 300w, http:\/\/rfk-nuernberg.de\/WordPress\/wp-content\/uploads\/2021\/12\/RFK-2021_01-768x432.jpeg 768w, http:\/\/rfk-nuernberg.de\/WordPress\/wp-content\/uploads\/2021\/12\/RFK-2021_01.jpeg 1334w\" sizes=\"auto, (max-width: 1024px) 100vw, 1024px\" \/><\/a><\/figure><\/li><li class=\"blocks-gallery-item\"><figure><a href=\"http:\/\/rfk-nuernberg.de\/WordPress\/wp-content\/uploads\/2022\/01\/RFK-2021_02a-2.jpeg\"><img loading=\"lazy\" decoding=\"async\" width=\"1024\" height=\"961\" src=\"http:\/\/rfk-nuernberg.de\/WordPress\/wp-content\/uploads\/2022\/01\/RFK-2021_02a-2-1024x961.jpeg\" alt=\"\" data-id=\"1669\" data-full-url=\"http:\/\/rfk-nuernberg.de\/WordPress\/wp-content\/uploads\/2022\/01\/RFK-2021_02a-2.jpeg\" data-link=\"http:\/\/rfk-nuernberg.de\/WordPress\/2021\/12\/31\/corona-und-kein-ende-auch-2021-endet-online\/rfk-2021_02a-2\/\" class=\"wp-image-1669\" srcset=\"http:\/\/rfk-nuernberg.de\/WordPress\/wp-content\/uploads\/2022\/01\/RFK-2021_02a-2-1024x961.jpeg 1024w, http:\/\/rfk-nuernberg.de\/WordPress\/wp-content\/uploads\/2022\/01\/RFK-2021_02a-2-300x282.jpeg 300w, http:\/\/rfk-nuernberg.de\/WordPress\/wp-content\/uploads\/2022\/01\/RFK-2021_02a-2-768x721.jpeg 768w, http:\/\/rfk-nuernberg.de\/WordPress\/wp-content\/uploads\/2022\/01\/RFK-2021_02a-2-1536x1442.jpeg 1536w, http:\/\/rfk-nuernberg.de\/WordPress\/wp-content\/uploads\/2022\/01\/RFK-2021_02a-2.jpeg 2048w\" sizes=\"auto, (max-width: 1024px) 100vw, 1024px\" \/><\/a><\/figure><\/li><li class=\"blocks-gallery-item\"><figure><a href=\"http:\/\/rfk-nuernberg.de\/WordPress\/wp-content\/uploads\/2022\/01\/RFK-2021_01a-2.jpg\"><img loading=\"lazy\" decoding=\"async\" width=\"960\" height=\"960\" src=\"http:\/\/rfk-nuernberg.de\/WordPress\/wp-content\/uploads\/2022\/01\/RFK-2021_01a-2.jpg\" alt=\"\" data-id=\"1668\" data-full-url=\"http:\/\/rfk-nuernberg.de\/WordPress\/wp-content\/uploads\/2022\/01\/RFK-2021_01a-2.jpg\" data-link=\"http:\/\/rfk-nuernberg.de\/WordPress\/2021\/12\/31\/corona-und-kein-ende-auch-2021-endet-online\/rfk-2021_01a-2\/\" class=\"wp-image-1668\" srcset=\"http:\/\/rfk-nuernberg.de\/WordPress\/wp-content\/uploads\/2022\/01\/RFK-2021_01a-2.jpg 960w, http:\/\/rfk-nuernberg.de\/WordPress\/wp-content\/uploads\/2022\/01\/RFK-2021_01a-2-300x300.jpg 300w, http:\/\/rfk-nuernberg.de\/WordPress\/wp-content\/uploads\/2022\/01\/RFK-2021_01a-2-150x150.jpg 150w, http:\/\/rfk-nuernberg.de\/WordPress\/wp-content\/uploads\/2022\/01\/RFK-2021_01a-2-768x768.jpg 768w\" sizes=\"auto, (max-width: 960px) 100vw, 960px\" \/><\/a><\/figure><\/li><li class=\"blocks-gallery-item\"><figure><a href=\"http:\/\/rfk-nuernberg.de\/WordPress\/wp-content\/uploads\/2021\/12\/RFK-2021_03-1024x808.jpg\"><img loading=\"lazy\" decoding=\"async\" width=\"1024\" height=\"808\" src=\"http:\/\/rfk-nuernberg.de\/WordPress\/wp-content\/uploads\/2021\/12\/RFK-2021_03-1024x808.jpg\" alt=\"\" data-id=\"1649\" data-link=\"http:\/\/rfk-nuernberg.de\/WordPress\/?attachment_id=1649\" class=\"wp-image-1649\" srcset=\"http:\/\/rfk-nuernberg.de\/WordPress\/wp-content\/uploads\/2021\/12\/RFK-2021_03-1024x808.jpg 1024w, http:\/\/rfk-nuernberg.de\/WordPress\/wp-content\/uploads\/2021\/12\/RFK-2021_03-300x237.jpg 300w, http:\/\/rfk-nuernberg.de\/WordPress\/wp-content\/uploads\/2021\/12\/RFK-2021_03-768x606.jpg 768w, http:\/\/rfk-nuernberg.de\/WordPress\/wp-content\/uploads\/2021\/12\/RFK-2021_03-1536x1211.jpg 1536w, http:\/\/rfk-nuernberg.de\/WordPress\/wp-content\/uploads\/2021\/12\/RFK-2021_03.jpg 2048w\" sizes=\"auto, (max-width: 1024px) 100vw, 1024px\" \/><\/a><\/figure><\/li><li class=\"blocks-gallery-item\"><figure><a href=\"http:\/\/rfk-nuernberg.de\/WordPress\/wp-content\/uploads\/2021\/12\/RFK-2021_04a-1024x760.jpg\"><img loading=\"lazy\" decoding=\"async\" width=\"1024\" height=\"760\" src=\"http:\/\/rfk-nuernberg.de\/WordPress\/wp-content\/uploads\/2021\/12\/RFK-2021_04a-1024x760.jpg\" alt=\"\" data-id=\"1651\" data-link=\"http:\/\/rfk-nuernberg.de\/WordPress\/?attachment_id=1651\" class=\"wp-image-1651\" srcset=\"http:\/\/rfk-nuernberg.de\/WordPress\/wp-content\/uploads\/2021\/12\/RFK-2021_04a-1024x760.jpg 1024w, http:\/\/rfk-nuernberg.de\/WordPress\/wp-content\/uploads\/2021\/12\/RFK-2021_04a-300x223.jpg 300w, http:\/\/rfk-nuernberg.de\/WordPress\/wp-content\/uploads\/2021\/12\/RFK-2021_04a-768x570.jpg 768w, http:\/\/rfk-nuernberg.de\/WordPress\/wp-content\/uploads\/2021\/12\/RFK-2021_04a-1536x1140.jpg 1536w, http:\/\/rfk-nuernberg.de\/WordPress\/wp-content\/uploads\/2021\/12\/RFK-2021_04a.jpg 1983w\" sizes=\"auto, (max-width: 1024px) 100vw, 1024px\" \/><\/a><\/figure><\/li><\/ul><\/figure>\n","protected":false},"excerpt":{"rendered":"<p>Das Jahr 2021 sollte besser werden als das verflixte Corona-Jahr 2020 \u2013 ja, und das wurde es auch, zumindest teilweise. Im Juni traf man sich zur EURO in M\u00fcnchen, im September dann zum Marathon in Berlin und schlussendlich am Silvestertag &hellip; <a href=\"http:\/\/rfk-nuernberg.de\/WordPress\/2021\/12\/31\/corona-und-kein-ende-auch-2021-endet-online\/\">Weiterlesen <span class=\"meta-nav\">&rarr;<\/span><\/a><\/p>\n","protected":false},"author":8,"featured_media":0,"comment_status":"open","ping_status":"open","sticky":false,"template":"","format":"gallery","meta":{"footnotes":""},"categories":[31,27,14],"tags":[12,150,151,148,25,20,149],"class_list":["post-1645","post","type-post","status-publish","format-gallery","hentry","category-allgemein","category-fun-event","category-run-event","tag-berlin","tag-bierchen","tag-corona","tag-jitsi","tag-marathon","tag-munchen","tag-silvester","post_format-post-format-gallery"],"_links":{"self":[{"href":"http:\/\/rfk-nuernberg.de\/WordPress\/wp-json\/wp\/v2\/posts\/1645","targetHints":{"allow":["GET"]}}],"collection":[{"href":"http:\/\/rfk-nuernberg.de\/WordPress\/wp-json\/wp\/v2\/posts"}],"about":[{"href":"http:\/\/rfk-nuernberg.de\/WordPress\/wp-json\/wp\/v2\/types\/post"}],"author":[{"embeddable":true,"href":"http:\/\/rfk-nuernberg.de\/WordPress\/wp-json\/wp\/v2\/users\/8"}],"replies":[{"embeddable":true,"href":"http:\/\/rfk-nuernberg.de\/WordPress\/wp-json\/wp\/v2\/comments?post=1645"}],"version-history":[{"count":16,"href":"http:\/\/rfk-nuernberg.de\/WordPress\/wp-json\/wp\/v2\/posts\/1645\/revisions"}],"predecessor-version":[{"id":1675,"href":"http:\/\/rfk-nuernberg.de\/WordPress\/wp-json\/wp\/v2\/posts\/1645\/revisions\/1675"}],"wp:attachment":[{"href":"http:\/\/rfk-nuernberg.de\/WordPress\/wp-json\/wp\/v2\/media?parent=1645"}],"wp:term":[{"taxonomy":"category","embeddable":true,"href":"http:\/\/rfk-nuernberg.de\/WordPress\/wp-json\/wp\/v2\/categories?post=1645"},{"taxonomy":"post_tag","embeddable":true,"href":"http:\/\/rfk-nuernberg.de\/WordPress\/wp-json\/wp\/v2\/tags?post=1645"}],"curies":[{"name":"wp","href":"https:\/\/api.w.org\/{rel}","templated":true}]}}