{"id":1615,"date":"2020-12-31T22:39:26","date_gmt":"2020-12-31T21:39:26","guid":{"rendered":"http:\/\/rfk-nuernberg.de\/WordPress\/?p=1615"},"modified":"2020-12-31T22:46:22","modified_gmt":"2020-12-31T21:46:22","slug":"versoehnliches-ende-des-besonderen-corona-jahres-2020-der-rfk-nimmt-mit-einem-grossen-team-am-virtuellen-nuernberger-silvesterlauf-teil","status":"publish","type":"post","link":"http:\/\/rfk-nuernberg.de\/WordPress\/2020\/12\/31\/versoehnliches-ende-des-besonderen-corona-jahres-2020-der-rfk-nimmt-mit-einem-grossen-team-am-virtuellen-nuernberger-silvesterlauf-teil\/","title":{"rendered":"Vers\u00f6hnliches Ende des besonderen (Corona-) Jahres 2020 \u2013 der RFK nimmt mit einem gro\u00dfen Team am virtuellen N\u00fcrnberger Silvesterlauf teil"},"content":{"rendered":"\n<p><strong>Das Jahr 2020 spottet eigentlich jeder Beschreibung. Genau\ngenommen hat es (fast) gar nicht stattgefunden. Keine EURO, kein\nBerlin-Marathon, kein Christkindlesmarkt \u2013 nicht einmal ein Sch\u00e4ufele war drin\nin diesen Tagen.<\/strong><\/p>\n\n\n\n<p>Dabei sollte es doch in diesem\nJahr wieder viele besondere Momente geben. Gut, Hawaii 2020 hatte der Schefer\nschon fr\u00fchzeitig abgehakt (auch dieses Gro\u00dfevent ist \u00fcbrigens ersatzlos gestrichen\nworden), aber G\u00e4nsehaut-Momente wie in 2006 waren schon eingeplant. Wenn, ja\nwenn da nur dieser kleine Virus nicht gewesen w\u00e4re &#8211; der Virus, der \u00fcber Monate\ndie ganze Welt in Atem hielt.<\/p>\n\n\n\n<p>Aber, alles Klagen n\u00fctzte nichts \u2013 wie, ja wie sollte es weitergehen? Jeder f\u00fcr sich oder doch alle gemeinsam \u2013 auf Distanz versteht sich. In Bayern, Sachsen und NRW gingen einige RFKler bereits bei einem ersten Firmenevent im April an den Start, um dann zum Jahreswechsel noch einmal ein richtiges Feuerwerk abzubrennen. Eingestimmt in einer kleinen Videokonferenz gingen nicht weniger als 5 Mitglieder unseres Klubs beim virtuellen Silvesterlauf in unserer (Wahl-) Heimat N\u00fcrnberg an den Start. <\/p>\n\n\n\n<p>Richtig sch\u00f6n war\u00b4s. Auch wenn es\nzum Teil regnete, geschont wurde sich nicht! Galt es doch die Fahne des Klubs\nhochzuhalten. Am Ende gab es dann noch das eine oder andere Erfrischungsgetr\u00e4nk\nin\/mit einer zweiten Videokonferenz und das gegenseitige Versprechen im\nkommenden Jahr wieder (sportlich) aktiver zu sein.<\/p>\n\n\n\n<p>In diesem Sinne! Ich nehme Euch\nbeim Wort, Ihr Lieben, und freue mich auf ein gemeinsames 2021 mit Euch!<\/p>\n\n\n\n<p>Euer Schefer<\/p>\n\n\n\n<figure class=\"wp-block-image\"><img loading=\"lazy\" decoding=\"async\" width=\"1024\" height=\"768\" src=\"http:\/\/rfk-nuernberg.de\/WordPress\/wp-content\/uploads\/2020\/12\/Virtueller-Silvesterlauf-2020_001-1-1024x768.jpeg\" alt=\"\" class=\"wp-image-1632\" srcset=\"http:\/\/rfk-nuernberg.de\/WordPress\/wp-content\/uploads\/2020\/12\/Virtueller-Silvesterlauf-2020_001-1.jpeg 1024w, http:\/\/rfk-nuernberg.de\/WordPress\/wp-content\/uploads\/2020\/12\/Virtueller-Silvesterlauf-2020_001-1-300x225.jpeg 300w, http:\/\/rfk-nuernberg.de\/WordPress\/wp-content\/uploads\/2020\/12\/Virtueller-Silvesterlauf-2020_001-1-768x576.jpeg 768w\" sizes=\"auto, (max-width: 1024px) 100vw, 1024px\" \/><\/figure>\n\n\n\n<figure class=\"wp-block-image\"><img loading=\"lazy\" decoding=\"async\" width=\"1024\" height=\"576\" src=\"http:\/\/rfk-nuernberg.de\/WordPress\/wp-content\/uploads\/2020\/12\/Virtueller-Silvesterlauf-2020_009-1-1024x576.jpeg\" alt=\"\" class=\"wp-image-1640\" srcset=\"http:\/\/rfk-nuernberg.de\/WordPress\/wp-content\/uploads\/2020\/12\/Virtueller-Silvesterlauf-2020_009-1.jpeg 1024w, http:\/\/rfk-nuernberg.de\/WordPress\/wp-content\/uploads\/2020\/12\/Virtueller-Silvesterlauf-2020_009-1-300x169.jpeg 300w, http:\/\/rfk-nuernberg.de\/WordPress\/wp-content\/uploads\/2020\/12\/Virtueller-Silvesterlauf-2020_009-1-768x432.jpeg 768w\" sizes=\"auto, (max-width: 1024px) 100vw, 1024px\" \/><\/figure>\n","protected":false},"excerpt":{"rendered":"<p>Das Jahr 2020 spottet eigentlich jeder Beschreibung. Genau genommen hat es (fast) gar nicht stattgefunden. Keine EURO, kein Berlin-Marathon, kein Christkindlesmarkt \u2013 nicht einmal ein Sch\u00e4ufele war drin in diesen Tagen. Dabei sollte es doch in diesem Jahr wieder viele &hellip; <a href=\"http:\/\/rfk-nuernberg.de\/WordPress\/2020\/12\/31\/versoehnliches-ende-des-besonderen-corona-jahres-2020-der-rfk-nimmt-mit-einem-grossen-team-am-virtuellen-nuernberger-silvesterlauf-teil\/\">Weiterlesen <span class=\"meta-nav\">&rarr;<\/span><\/a><\/p>\n","protected":false},"author":8,"featured_media":4,"comment_status":"open","ping_status":"open","sticky":false,"template":"","format":"gallery","meta":{"footnotes":""},"categories":[31,27,14],"tags":[144,147,141,44,142,146,145,143],"class_list":["post-1615","post","type-post","status-publish","format-gallery","has-post-thumbnail","hentry","category-allgemein","category-fun-event","category-run-event","tag-allegemeinsam","tag-demwettertrotzen","tag-fun-event","tag-nurnberg","tag-run-event","tag-silvesterlauf","tag-videokonferenz","tag-virtueller-lauf","post_format-post-format-gallery"],"_links":{"self":[{"href":"http:\/\/rfk-nuernberg.de\/WordPress\/wp-json\/wp\/v2\/posts\/1615","targetHints":{"allow":["GET"]}}],"collection":[{"href":"http:\/\/rfk-nuernberg.de\/WordPress\/wp-json\/wp\/v2\/posts"}],"about":[{"href":"http:\/\/rfk-nuernberg.de\/WordPress\/wp-json\/wp\/v2\/types\/post"}],"author":[{"embeddable":true,"href":"http:\/\/rfk-nuernberg.de\/WordPress\/wp-json\/wp\/v2\/users\/8"}],"replies":[{"embeddable":true,"href":"http:\/\/rfk-nuernberg.de\/WordPress\/wp-json\/wp\/v2\/comments?post=1615"}],"version-history":[{"count":9,"href":"http:\/\/rfk-nuernberg.de\/WordPress\/wp-json\/wp\/v2\/posts\/1615\/revisions"}],"predecessor-version":[{"id":1643,"href":"http:\/\/rfk-nuernberg.de\/WordPress\/wp-json\/wp\/v2\/posts\/1615\/revisions\/1643"}],"wp:featuredmedia":[{"embeddable":true,"href":"http:\/\/rfk-nuernberg.de\/WordPress\/wp-json\/wp\/v2\/media\/4"}],"wp:attachment":[{"href":"http:\/\/rfk-nuernberg.de\/WordPress\/wp-json\/wp\/v2\/media?parent=1615"}],"wp:term":[{"taxonomy":"category","embeddable":true,"href":"http:\/\/rfk-nuernberg.de\/WordPress\/wp-json\/wp\/v2\/categories?post=1615"},{"taxonomy":"post_tag","embeddable":true,"href":"http:\/\/rfk-nuernberg.de\/WordPress\/wp-json\/wp\/v2\/tags?post=1615"}],"curies":[{"name":"wp","href":"https:\/\/api.w.org\/{rel}","templated":true}]}}