{"id":1499,"date":"2019-12-25T16:43:07","date_gmt":"2019-12-25T15:43:07","guid":{"rendered":"http:\/\/rfk-nuernberg.de\/WordPress\/?p=1499"},"modified":"2019-12-25T18:11:02","modified_gmt":"2019-12-25T17:11:02","slug":"10-jahre-und-kein-bisschen-muede-der-rfk-feiert-geburtstag-auf-dem-christkindlesmarkt-in-nuernberg","status":"publish","type":"post","link":"http:\/\/rfk-nuernberg.de\/WordPress\/2019\/12\/25\/10-jahre-und-kein-bisschen-muede-der-rfk-feiert-geburtstag-auf-dem-christkindlesmarkt-in-nuernberg\/","title":{"rendered":"10 Jahre und (k)ein bisschen m\u00fcde &#8211; der RFK feiert Geburtstag auf dem Christkindlesmarkt in N\u00fcrnberg"},"content":{"rendered":"\n<p><strong>Getreu Frizzis Motto \u201eQuick &amp; Dirty\u201c haben die RFK-ler auch in diesem Jahr ihre Christkindlesmarkt-Tradition fortgesetzt &#8211; diesmal allerdings im kleinen Kreis und (leider) ohne Sch\u00e4ufele!<\/strong><\/p>\n\n\n\n<p>Manchmal ist es schwierig die richtigen Worte zu finden \u2013\nnichts desto trotz geb\u00fchren unserem Heino die ersten Zeilen des diesj\u00e4hrigen\nWeihnachtsposts. Nach langem Suchen und Fragen haben wir in diesem Jahr nun\nendlich Deine letzte Ruhest\u00e4tte gefunden, lieber Heino. Du bist und bleibst\nunvergessen, da sei Dir sicher. Ruhe in Frieden und sieh\u00b4 gelegentlich mal zu\nuns runter, lieber Freund!<\/p>\n\n\n\n<p><strong>\u201e10 Jahre und ein bisschen m\u00fcde\u201c<\/strong> &#8211; das k\u00f6nnte man denken, wenn man sich die diesj\u00e4hrige Beteiligung beim traditionellen Christkindlesmarkt-Besuch vor Augen f\u00fchrt. Neben Tanja und Bj\u00f6rn hat es dieses Jahr auch wieder unser Michael zum Gl\u00fchwein-Schlabbern geschafft. <em>\u201eZick Zack Fertig\u201c<\/em> war damit auch die JHV unseres Klubs, da drei Vorst\u00e4nde alleine nichts verabschieden konnten. Also ging\u00b4s ran an die Tasse und die JHV wurde mal spontan in den Sommer verlegt.<\/p>\n\n\n\n<p><strong>\u201e10 Jahre und kein bisschen m\u00fcde\u201c<\/strong> &#8211; schaut man auf die Aktivit\u00e4ten des RFK in den letzten beiden Jahren, so merkt man dem Klub jedoch kaum M\u00fcdigkeitserscheinungen an. Zusammengenommen haben die RFK-ler bei der \u201eWorld in my eyes\u201c-Tour 2018 und der \u201eX\u201c-Tour 2019 fast 100 Ziele ins Visier genommen und dabei (L\u00e4nder-) Punkte in St\u00e4dten wie London,  Innsbruck, Berlin, Tokyo, Hamburg, Wien, Paris, M\u00fcnchen und New York gesammelt. Rund 20 Personen konnten daf\u00fcr aktiviert werden \u2013 ein echt tolles Zeichen f\u00fcr Spa\u00df, Zusammenhalt und Lebensfreude.<\/p>\n\n\n\n<p>Im kommenden Jahr soll es nat\u00fcrlich wie gewohnt weitergehen! Gerade und insbesondere vor dem Hintergrund des anstehenden Fu\u00dfball-Gro\u00dfereignisses, der <strong>UEFA EURO 2020<\/strong>. Nicht N\u00fcrnberg, aber immerhin M\u00fcnchen wurde hierbei mit einigen Spielen bedacht \u2013 gerade recht f\u00fcr den RFK, um im Sommer dort ein gro\u00dfes Treffen zu organisieren. Die M\u00fcnchen-Fraktion um Tanja &amp; Haj\u00f6 sowie Schrotti werden bestimmt etwas mit dem Schweizer Franken, der dort f\u00fcr die UEFA im Einsatz sein wird, auf die Beine stellen. Wir freuen uns drauf!<\/p>\n\n\n\n<p>M\u00fcnchen soll\naber nicht alles sein &#8211; Karneval in K\u00f6ln, Laufen beim Berlin Marathon,\nChristkindlesmarkt in N\u00fcrnberg (um nur einige Events zu nennen) stehen\nebenfalls auf dem Programm! Und mal sehen, ob es nicht auch sonst noch einiges\nzu feiern gibt\u2026<\/p>\n\n\n\n<p>In diesem\nSinne, bleibt gesund &amp; munter und vor allem genie\u00dft die friedvollen\nWeihnachtstage und lasst Euch reich beschenken!<\/p>\n\n\n\n<p>Euer Schefer<\/p>\n\n\n\n<p>PS Des Schefers Motto f\u00fcr die Wettkampf-Saison 2020 steht auch schon fest. Nachdem es mit einem Startplatz auf Hawaii 2020 nicht geklappt hat und der Schefer seine Wette demnach mit Pauken &amp; Trompeten verloren hat, m\u00f6chte er in 2020 noch einmal richtig Vollgas geben. Frei nach Freddie Mercury geht er mit folgendem Ziel an den Start: <\/p>\n\n\n\n<p><em>\u201eI\u00b4m not going to be a Star, I\u00b4m going to be a Legend!\u201c<\/em> <\/p>\n\n\n\n<p>Unterst\u00fctzung bei diesem Vorhaben ist mehr als erw\u00fcnscht!<\/p>\n\n\n\n<p><\/p>\n\n\n\n<ul class=\"wp-block-gallery columns-3 is-cropped wp-block-gallery-1 is-layout-flex wp-block-gallery-is-layout-flex\"><li class=\"blocks-gallery-item\"><figure><a href=\"http:\/\/rfk-nuernberg.de\/WordPress\/2019\/12\/25\/10-jahre-und-kein-bisschen-muede-der-rfk-feiert-geburtstag-auf-dem-christkindlesmarkt-in-nuernberg\/2019-12-25-rfk-homepage_001-3\/\"><img loading=\"lazy\" decoding=\"async\" width=\"320\" height=\"240\" src=\"http:\/\/rfk-nuernberg.de\/WordPress\/wp-content\/uploads\/2019\/12\/2019-12-25-RFK-Homepage_001-2.jpg\" alt=\"\" data-id=\"1574\" data-link=\"http:\/\/rfk-nuernberg.de\/WordPress\/2019\/12\/25\/10-jahre-und-kein-bisschen-muede-der-rfk-feiert-geburtstag-auf-dem-christkindlesmarkt-in-nuernberg\/2019-12-25-rfk-homepage_001-3\/\" class=\"wp-image-1574\" srcset=\"http:\/\/rfk-nuernberg.de\/WordPress\/wp-content\/uploads\/2019\/12\/2019-12-25-RFK-Homepage_001-2.jpg 320w, http:\/\/rfk-nuernberg.de\/WordPress\/wp-content\/uploads\/2019\/12\/2019-12-25-RFK-Homepage_001-2-300x225.jpg 300w\" sizes=\"auto, (max-width: 320px) 100vw, 320px\" \/><\/a><\/figure><\/li><li class=\"blocks-gallery-item\"><figure><a href=\"http:\/\/rfk-nuernberg.de\/WordPress\/2019\/12\/25\/10-jahre-und-kein-bisschen-muede-der-rfk-feiert-geburtstag-auf-dem-christkindlesmarkt-in-nuernberg\/2019-12-25-rfk-homepage_002-3\/\"><img loading=\"lazy\" decoding=\"async\" width=\"240\" height=\"320\" src=\"http:\/\/rfk-nuernberg.de\/WordPress\/wp-content\/uploads\/2019\/12\/2019-12-25-RFK-Homepage_002-2.jpg\" alt=\"\" data-id=\"1575\" data-link=\"http:\/\/rfk-nuernberg.de\/WordPress\/2019\/12\/25\/10-jahre-und-kein-bisschen-muede-der-rfk-feiert-geburtstag-auf-dem-christkindlesmarkt-in-nuernberg\/2019-12-25-rfk-homepage_002-3\/\" class=\"wp-image-1575\" srcset=\"http:\/\/rfk-nuernberg.de\/WordPress\/wp-content\/uploads\/2019\/12\/2019-12-25-RFK-Homepage_002-2.jpg 240w, http:\/\/rfk-nuernberg.de\/WordPress\/wp-content\/uploads\/2019\/12\/2019-12-25-RFK-Homepage_002-2-225x300.jpg 225w\" sizes=\"auto, (max-width: 240px) 100vw, 240px\" \/><\/a><\/figure><\/li><li class=\"blocks-gallery-item\"><figure><a href=\"http:\/\/rfk-nuernberg.de\/WordPress\/2019\/12\/25\/10-jahre-und-kein-bisschen-muede-der-rfk-feiert-geburtstag-auf-dem-christkindlesmarkt-in-nuernberg\/2019-12-25-rfk-homepage_003-3\/\"><img loading=\"lazy\" decoding=\"async\" width=\"1024\" height=\"768\" src=\"http:\/\/rfk-nuernberg.de\/WordPress\/wp-content\/uploads\/2019\/12\/2019-12-25-RFK-Homepage_003-2-1024x768.jpg\" alt=\"\" data-id=\"1576\" data-link=\"http:\/\/rfk-nuernberg.de\/WordPress\/2019\/12\/25\/10-jahre-und-kein-bisschen-muede-der-rfk-feiert-geburtstag-auf-dem-christkindlesmarkt-in-nuernberg\/2019-12-25-rfk-homepage_003-3\/\" class=\"wp-image-1576\" srcset=\"http:\/\/rfk-nuernberg.de\/WordPress\/wp-content\/uploads\/2019\/12\/2019-12-25-RFK-Homepage_003-2.jpg 1024w, http:\/\/rfk-nuernberg.de\/WordPress\/wp-content\/uploads\/2019\/12\/2019-12-25-RFK-Homepage_003-2-300x225.jpg 300w, http:\/\/rfk-nuernberg.de\/WordPress\/wp-content\/uploads\/2019\/12\/2019-12-25-RFK-Homepage_003-2-768x576.jpg 768w\" sizes=\"auto, (max-width: 1024px) 100vw, 1024px\" \/><\/a><\/figure><\/li><li class=\"blocks-gallery-item\"><figure><a href=\"http:\/\/rfk-nuernberg.de\/WordPress\/2019\/12\/25\/10-jahre-und-kein-bisschen-muede-der-rfk-feiert-geburtstag-auf-dem-christkindlesmarkt-in-nuernberg\/2019-12-25-rfk-homepage_004-3\/\"><img loading=\"lazy\" decoding=\"async\" width=\"768\" height=\"1024\" src=\"http:\/\/rfk-nuernberg.de\/WordPress\/wp-content\/uploads\/2019\/12\/2019-12-25-RFK-Homepage_004-2-768x1024.jpg\" alt=\"\" data-id=\"1577\" data-link=\"http:\/\/rfk-nuernberg.de\/WordPress\/2019\/12\/25\/10-jahre-und-kein-bisschen-muede-der-rfk-feiert-geburtstag-auf-dem-christkindlesmarkt-in-nuernberg\/2019-12-25-rfk-homepage_004-3\/\" class=\"wp-image-1577\" srcset=\"http:\/\/rfk-nuernberg.de\/WordPress\/wp-content\/uploads\/2019\/12\/2019-12-25-RFK-Homepage_004-2-768x1024.jpg 768w, http:\/\/rfk-nuernberg.de\/WordPress\/wp-content\/uploads\/2019\/12\/2019-12-25-RFK-Homepage_004-2-225x300.jpg 225w, http:\/\/rfk-nuernberg.de\/WordPress\/wp-content\/uploads\/2019\/12\/2019-12-25-RFK-Homepage_004-2.jpg 960w\" sizes=\"auto, (max-width: 768px) 100vw, 768px\" \/><\/a><\/figure><\/li><li class=\"blocks-gallery-item\"><figure><a href=\"http:\/\/rfk-nuernberg.de\/WordPress\/2019\/12\/25\/10-jahre-und-kein-bisschen-muede-der-rfk-feiert-geburtstag-auf-dem-christkindlesmarkt-in-nuernberg\/2019-12-25-rfk-homepage_005-3\/\"><img loading=\"lazy\" decoding=\"async\" width=\"1024\" height=\"768\" src=\"http:\/\/rfk-nuernberg.de\/WordPress\/wp-content\/uploads\/2019\/12\/2019-12-25-RFK-Homepage_005-2-1024x768.jpg\" alt=\"\" data-id=\"1578\" data-link=\"http:\/\/rfk-nuernberg.de\/WordPress\/2019\/12\/25\/10-jahre-und-kein-bisschen-muede-der-rfk-feiert-geburtstag-auf-dem-christkindlesmarkt-in-nuernberg\/2019-12-25-rfk-homepage_005-3\/\" class=\"wp-image-1578\" srcset=\"http:\/\/rfk-nuernberg.de\/WordPress\/wp-content\/uploads\/2019\/12\/2019-12-25-RFK-Homepage_005-2-1024x768.jpg 1024w, http:\/\/rfk-nuernberg.de\/WordPress\/wp-content\/uploads\/2019\/12\/2019-12-25-RFK-Homepage_005-2-300x225.jpg 300w, http:\/\/rfk-nuernberg.de\/WordPress\/wp-content\/uploads\/2019\/12\/2019-12-25-RFK-Homepage_005-2-768x576.jpg 768w, http:\/\/rfk-nuernberg.de\/WordPress\/wp-content\/uploads\/2019\/12\/2019-12-25-RFK-Homepage_005-2.jpg 1280w\" sizes=\"auto, (max-width: 1024px) 100vw, 1024px\" \/><\/a><\/figure><\/li><li class=\"blocks-gallery-item\"><figure><a href=\"http:\/\/rfk-nuernberg.de\/WordPress\/2019\/12\/25\/10-jahre-und-kein-bisschen-muede-der-rfk-feiert-geburtstag-auf-dem-christkindlesmarkt-in-nuernberg\/2019-12-25-rfk-homepage_006-3\/\"><img loading=\"lazy\" decoding=\"async\" width=\"1024\" height=\"768\" src=\"http:\/\/rfk-nuernberg.de\/WordPress\/wp-content\/uploads\/2019\/12\/2019-12-25-RFK-Homepage_006-2-1024x768.jpg\" alt=\"\" data-id=\"1579\" data-link=\"http:\/\/rfk-nuernberg.de\/WordPress\/2019\/12\/25\/10-jahre-und-kein-bisschen-muede-der-rfk-feiert-geburtstag-auf-dem-christkindlesmarkt-in-nuernberg\/2019-12-25-rfk-homepage_006-3\/\" class=\"wp-image-1579\" srcset=\"http:\/\/rfk-nuernberg.de\/WordPress\/wp-content\/uploads\/2019\/12\/2019-12-25-RFK-Homepage_006-2-1024x768.jpg 1024w, http:\/\/rfk-nuernberg.de\/WordPress\/wp-content\/uploads\/2019\/12\/2019-12-25-RFK-Homepage_006-2-300x225.jpg 300w, http:\/\/rfk-nuernberg.de\/WordPress\/wp-content\/uploads\/2019\/12\/2019-12-25-RFK-Homepage_006-2-768x576.jpg 768w, http:\/\/rfk-nuernberg.de\/WordPress\/wp-content\/uploads\/2019\/12\/2019-12-25-RFK-Homepage_006-2.jpg 1280w\" sizes=\"auto, (max-width: 1024px) 100vw, 1024px\" \/><\/a><\/figure><\/li><li class=\"blocks-gallery-item\"><figure><a href=\"http:\/\/rfk-nuernberg.de\/WordPress\/2019\/12\/25\/10-jahre-und-kein-bisschen-muede-der-rfk-feiert-geburtstag-auf-dem-christkindlesmarkt-in-nuernberg\/2019-12-25-rfk-homepage_007-3\/\"><img loading=\"lazy\" decoding=\"async\" width=\"1024\" height=\"768\" src=\"http:\/\/rfk-nuernberg.de\/WordPress\/wp-content\/uploads\/2019\/12\/2019-12-25-RFK-Homepage_007-2-1024x768.jpg\" alt=\"\" data-id=\"1580\" data-link=\"http:\/\/rfk-nuernberg.de\/WordPress\/2019\/12\/25\/10-jahre-und-kein-bisschen-muede-der-rfk-feiert-geburtstag-auf-dem-christkindlesmarkt-in-nuernberg\/2019-12-25-rfk-homepage_007-3\/\" class=\"wp-image-1580\" srcset=\"http:\/\/rfk-nuernberg.de\/WordPress\/wp-content\/uploads\/2019\/12\/2019-12-25-RFK-Homepage_007-2-1024x768.jpg 1024w, http:\/\/rfk-nuernberg.de\/WordPress\/wp-content\/uploads\/2019\/12\/2019-12-25-RFK-Homepage_007-2-300x225.jpg 300w, http:\/\/rfk-nuernberg.de\/WordPress\/wp-content\/uploads\/2019\/12\/2019-12-25-RFK-Homepage_007-2-768x576.jpg 768w, http:\/\/rfk-nuernberg.de\/WordPress\/wp-content\/uploads\/2019\/12\/2019-12-25-RFK-Homepage_007-2.jpg 1280w\" sizes=\"auto, (max-width: 1024px) 100vw, 1024px\" \/><\/a><\/figure><\/li><li class=\"blocks-gallery-item\"><figure><a href=\"http:\/\/rfk-nuernberg.de\/WordPress\/2019\/12\/25\/10-jahre-und-kein-bisschen-muede-der-rfk-feiert-geburtstag-auf-dem-christkindlesmarkt-in-nuernberg\/2019-12-25-rfk-homepage_008-3\/\"><img loading=\"lazy\" decoding=\"async\" width=\"1024\" height=\"795\" src=\"http:\/\/rfk-nuernberg.de\/WordPress\/wp-content\/uploads\/2019\/12\/2019-12-25-RFK-Homepage_008-2-1024x795.jpg\" alt=\"\" data-id=\"1581\" data-link=\"http:\/\/rfk-nuernberg.de\/WordPress\/2019\/12\/25\/10-jahre-und-kein-bisschen-muede-der-rfk-feiert-geburtstag-auf-dem-christkindlesmarkt-in-nuernberg\/2019-12-25-rfk-homepage_008-3\/\" class=\"wp-image-1581\" srcset=\"http:\/\/rfk-nuernberg.de\/WordPress\/wp-content\/uploads\/2019\/12\/2019-12-25-RFK-Homepage_008-2-1024x795.jpg 1024w, http:\/\/rfk-nuernberg.de\/WordPress\/wp-content\/uploads\/2019\/12\/2019-12-25-RFK-Homepage_008-2-300x233.jpg 300w, http:\/\/rfk-nuernberg.de\/WordPress\/wp-content\/uploads\/2019\/12\/2019-12-25-RFK-Homepage_008-2-768x596.jpg 768w, http:\/\/rfk-nuernberg.de\/WordPress\/wp-content\/uploads\/2019\/12\/2019-12-25-RFK-Homepage_008-2.jpg 1280w\" sizes=\"auto, (max-width: 1024px) 100vw, 1024px\" \/><\/a><\/figure><\/li><li class=\"blocks-gallery-item\"><figure><a href=\"http:\/\/rfk-nuernberg.de\/WordPress\/2019\/12\/25\/10-jahre-und-kein-bisschen-muede-der-rfk-feiert-geburtstag-auf-dem-christkindlesmarkt-in-nuernberg\/2019-12-25-rfk-homepage_009-3\/\"><img loading=\"lazy\" decoding=\"async\" width=\"1024\" height=\"768\" src=\"http:\/\/rfk-nuernberg.de\/WordPress\/wp-content\/uploads\/2019\/12\/2019-12-25-RFK-Homepage_009-2-1024x768.jpg\" alt=\"\" data-id=\"1582\" data-link=\"http:\/\/rfk-nuernberg.de\/WordPress\/2019\/12\/25\/10-jahre-und-kein-bisschen-muede-der-rfk-feiert-geburtstag-auf-dem-christkindlesmarkt-in-nuernberg\/2019-12-25-rfk-homepage_009-3\/\" class=\"wp-image-1582\" srcset=\"http:\/\/rfk-nuernberg.de\/WordPress\/wp-content\/uploads\/2019\/12\/2019-12-25-RFK-Homepage_009-2-1024x768.jpg 1024w, http:\/\/rfk-nuernberg.de\/WordPress\/wp-content\/uploads\/2019\/12\/2019-12-25-RFK-Homepage_009-2-300x225.jpg 300w, http:\/\/rfk-nuernberg.de\/WordPress\/wp-content\/uploads\/2019\/12\/2019-12-25-RFK-Homepage_009-2-768x576.jpg 768w, http:\/\/rfk-nuernberg.de\/WordPress\/wp-content\/uploads\/2019\/12\/2019-12-25-RFK-Homepage_009-2.jpg 1600w\" sizes=\"auto, (max-width: 1024px) 100vw, 1024px\" \/><\/a><\/figure><\/li><li class=\"blocks-gallery-item\"><figure><a href=\"http:\/\/rfk-nuernberg.de\/WordPress\/2019\/12\/25\/10-jahre-und-kein-bisschen-muede-der-rfk-feiert-geburtstag-auf-dem-christkindlesmarkt-in-nuernberg\/2019-12-25-rfk-homepage_010-3\/\"><img loading=\"lazy\" decoding=\"async\" width=\"1024\" height=\"768\" src=\"http:\/\/rfk-nuernberg.de\/WordPress\/wp-content\/uploads\/2019\/12\/2019-12-25-RFK-Homepage_010-2-1024x768.jpg\" alt=\"\" data-id=\"1583\" data-link=\"http:\/\/rfk-nuernberg.de\/WordPress\/2019\/12\/25\/10-jahre-und-kein-bisschen-muede-der-rfk-feiert-geburtstag-auf-dem-christkindlesmarkt-in-nuernberg\/2019-12-25-rfk-homepage_010-3\/\" class=\"wp-image-1583\" srcset=\"http:\/\/rfk-nuernberg.de\/WordPress\/wp-content\/uploads\/2019\/12\/2019-12-25-RFK-Homepage_010-2.jpg 1024w, http:\/\/rfk-nuernberg.de\/WordPress\/wp-content\/uploads\/2019\/12\/2019-12-25-RFK-Homepage_010-2-300x225.jpg 300w, http:\/\/rfk-nuernberg.de\/WordPress\/wp-content\/uploads\/2019\/12\/2019-12-25-RFK-Homepage_010-2-768x576.jpg 768w\" sizes=\"auto, (max-width: 1024px) 100vw, 1024px\" \/><\/a><\/figure><\/li><li class=\"blocks-gallery-item\"><figure><a href=\"http:\/\/rfk-nuernberg.de\/WordPress\/2019\/12\/25\/10-jahre-und-kein-bisschen-muede-der-rfk-feiert-geburtstag-auf-dem-christkindlesmarkt-in-nuernberg\/2019-12-25-rfk-homepage_011-3\/\"><img loading=\"lazy\" decoding=\"async\" width=\"618\" height=\"1024\" src=\"http:\/\/rfk-nuernberg.de\/WordPress\/wp-content\/uploads\/2019\/12\/2019-12-25-RFK-Homepage_011-2-618x1024.jpg\" alt=\"\" data-id=\"1584\" data-link=\"http:\/\/rfk-nuernberg.de\/WordPress\/2019\/12\/25\/10-jahre-und-kein-bisschen-muede-der-rfk-feiert-geburtstag-auf-dem-christkindlesmarkt-in-nuernberg\/2019-12-25-rfk-homepage_011-3\/\" class=\"wp-image-1584\" srcset=\"http:\/\/rfk-nuernberg.de\/WordPress\/wp-content\/uploads\/2019\/12\/2019-12-25-RFK-Homepage_011-2-618x1024.jpg 618w, http:\/\/rfk-nuernberg.de\/WordPress\/wp-content\/uploads\/2019\/12\/2019-12-25-RFK-Homepage_011-2-181x300.jpg 181w, http:\/\/rfk-nuernberg.de\/WordPress\/wp-content\/uploads\/2019\/12\/2019-12-25-RFK-Homepage_011-2-768x1272.jpg 768w, http:\/\/rfk-nuernberg.de\/WordPress\/wp-content\/uploads\/2019\/12\/2019-12-25-RFK-Homepage_011-2.jpg 966w\" sizes=\"auto, (max-width: 618px) 100vw, 618px\" \/><\/a><\/figure><\/li><li class=\"blocks-gallery-item\"><figure><a href=\"http:\/\/rfk-nuernberg.de\/WordPress\/2019\/12\/25\/10-jahre-und-kein-bisschen-muede-der-rfk-feiert-geburtstag-auf-dem-christkindlesmarkt-in-nuernberg\/2019-12-25-rfk-homepage_012-3\/\"><img loading=\"lazy\" decoding=\"async\" width=\"1024\" height=\"768\" src=\"http:\/\/rfk-nuernberg.de\/WordPress\/wp-content\/uploads\/2019\/12\/2019-12-25-RFK-Homepage_012-2-1024x768.jpg\" alt=\"\" data-id=\"1585\" data-link=\"http:\/\/rfk-nuernberg.de\/WordPress\/2019\/12\/25\/10-jahre-und-kein-bisschen-muede-der-rfk-feiert-geburtstag-auf-dem-christkindlesmarkt-in-nuernberg\/2019-12-25-rfk-homepage_012-3\/\" class=\"wp-image-1585\" srcset=\"http:\/\/rfk-nuernberg.de\/WordPress\/wp-content\/uploads\/2019\/12\/2019-12-25-RFK-Homepage_012-2-1024x768.jpg 1024w, http:\/\/rfk-nuernberg.de\/WordPress\/wp-content\/uploads\/2019\/12\/2019-12-25-RFK-Homepage_012-2-300x225.jpg 300w, http:\/\/rfk-nuernberg.de\/WordPress\/wp-content\/uploads\/2019\/12\/2019-12-25-RFK-Homepage_012-2-768x576.jpg 768w, http:\/\/rfk-nuernberg.de\/WordPress\/wp-content\/uploads\/2019\/12\/2019-12-25-RFK-Homepage_012-2.jpg 1600w\" sizes=\"auto, (max-width: 1024px) 100vw, 1024px\" \/><\/a><\/figure><\/li><li class=\"blocks-gallery-item\"><figure><a href=\"http:\/\/rfk-nuernberg.de\/WordPress\/2019\/12\/25\/10-jahre-und-kein-bisschen-muede-der-rfk-feiert-geburtstag-auf-dem-christkindlesmarkt-in-nuernberg\/2019-12-25-rfk-homepage_013-3\/\"><img loading=\"lazy\" decoding=\"async\" width=\"768\" height=\"1024\" src=\"http:\/\/rfk-nuernberg.de\/WordPress\/wp-content\/uploads\/2019\/12\/2019-12-25-RFK-Homepage_013-2-768x1024.jpg\" alt=\"\" data-id=\"1586\" data-link=\"http:\/\/rfk-nuernberg.de\/WordPress\/2019\/12\/25\/10-jahre-und-kein-bisschen-muede-der-rfk-feiert-geburtstag-auf-dem-christkindlesmarkt-in-nuernberg\/2019-12-25-rfk-homepage_013-3\/\" class=\"wp-image-1586\" srcset=\"http:\/\/rfk-nuernberg.de\/WordPress\/wp-content\/uploads\/2019\/12\/2019-12-25-RFK-Homepage_013-2-768x1024.jpg 768w, http:\/\/rfk-nuernberg.de\/WordPress\/wp-content\/uploads\/2019\/12\/2019-12-25-RFK-Homepage_013-2-225x300.jpg 225w, http:\/\/rfk-nuernberg.de\/WordPress\/wp-content\/uploads\/2019\/12\/2019-12-25-RFK-Homepage_013-2.jpg 1200w\" sizes=\"auto, (max-width: 768px) 100vw, 768px\" \/><\/a><\/figure><\/li><li class=\"blocks-gallery-item\"><figure><a href=\"http:\/\/rfk-nuernberg.de\/WordPress\/2019\/12\/25\/10-jahre-und-kein-bisschen-muede-der-rfk-feiert-geburtstag-auf-dem-christkindlesmarkt-in-nuernberg\/2019-12-25-rfk-homepage_014-3\/\"><img loading=\"lazy\" decoding=\"async\" width=\"768\" height=\"1024\" src=\"http:\/\/rfk-nuernberg.de\/WordPress\/wp-content\/uploads\/2019\/12\/2019-12-25-RFK-Homepage_014-2-768x1024.jpg\" alt=\"\" data-id=\"1587\" data-link=\"http:\/\/rfk-nuernberg.de\/WordPress\/2019\/12\/25\/10-jahre-und-kein-bisschen-muede-der-rfk-feiert-geburtstag-auf-dem-christkindlesmarkt-in-nuernberg\/2019-12-25-rfk-homepage_014-3\/\" class=\"wp-image-1587\" srcset=\"http:\/\/rfk-nuernberg.de\/WordPress\/wp-content\/uploads\/2019\/12\/2019-12-25-RFK-Homepage_014-2-768x1024.jpg 768w, http:\/\/rfk-nuernberg.de\/WordPress\/wp-content\/uploads\/2019\/12\/2019-12-25-RFK-Homepage_014-2-225x300.jpg 225w, http:\/\/rfk-nuernberg.de\/WordPress\/wp-content\/uploads\/2019\/12\/2019-12-25-RFK-Homepage_014-2.jpg 1200w\" sizes=\"auto, (max-width: 768px) 100vw, 768px\" \/><\/a><\/figure><\/li><li class=\"blocks-gallery-item\"><figure><a href=\"http:\/\/rfk-nuernberg.de\/WordPress\/2019\/12\/25\/10-jahre-und-kein-bisschen-muede-der-rfk-feiert-geburtstag-auf-dem-christkindlesmarkt-in-nuernberg\/2019-12-25-rfk-homepage_015-3\/\"><img loading=\"lazy\" decoding=\"async\" width=\"320\" height=\"240\" src=\"http:\/\/rfk-nuernberg.de\/WordPress\/wp-content\/uploads\/2019\/12\/2019-12-25-RFK-Homepage_015-2.jpg\" alt=\"\" data-id=\"1588\" data-link=\"http:\/\/rfk-nuernberg.de\/WordPress\/2019\/12\/25\/10-jahre-und-kein-bisschen-muede-der-rfk-feiert-geburtstag-auf-dem-christkindlesmarkt-in-nuernberg\/2019-12-25-rfk-homepage_015-3\/\" class=\"wp-image-1588\" srcset=\"http:\/\/rfk-nuernberg.de\/WordPress\/wp-content\/uploads\/2019\/12\/2019-12-25-RFK-Homepage_015-2.jpg 320w, http:\/\/rfk-nuernberg.de\/WordPress\/wp-content\/uploads\/2019\/12\/2019-12-25-RFK-Homepage_015-2-300x225.jpg 300w\" sizes=\"auto, (max-width: 320px) 100vw, 320px\" \/><\/a><\/figure><\/li><li class=\"blocks-gallery-item\"><figure><a href=\"http:\/\/rfk-nuernberg.de\/WordPress\/2019\/12\/25\/10-jahre-und-kein-bisschen-muede-der-rfk-feiert-geburtstag-auf-dem-christkindlesmarkt-in-nuernberg\/2019-12-25-rfk-homepage_016-3\/\"><img loading=\"lazy\" decoding=\"async\" width=\"1024\" height=\"769\" src=\"http:\/\/rfk-nuernberg.de\/WordPress\/wp-content\/uploads\/2019\/12\/2019-12-25-RFK-Homepage_016-2-1024x769.jpg\" alt=\"\" data-id=\"1589\" data-link=\"http:\/\/rfk-nuernberg.de\/WordPress\/2019\/12\/25\/10-jahre-und-kein-bisschen-muede-der-rfk-feiert-geburtstag-auf-dem-christkindlesmarkt-in-nuernberg\/2019-12-25-rfk-homepage_016-3\/\" class=\"wp-image-1589\" srcset=\"http:\/\/rfk-nuernberg.de\/WordPress\/wp-content\/uploads\/2019\/12\/2019-12-25-RFK-Homepage_016-2-1024x769.jpg 1024w, http:\/\/rfk-nuernberg.de\/WordPress\/wp-content\/uploads\/2019\/12\/2019-12-25-RFK-Homepage_016-2-300x225.jpg 300w, http:\/\/rfk-nuernberg.de\/WordPress\/wp-content\/uploads\/2019\/12\/2019-12-25-RFK-Homepage_016-2-768x577.jpg 768w, http:\/\/rfk-nuernberg.de\/WordPress\/wp-content\/uploads\/2019\/12\/2019-12-25-RFK-Homepage_016-2.jpg 1600w\" sizes=\"auto, (max-width: 1024px) 100vw, 1024px\" \/><\/a><\/figure><\/li><li class=\"blocks-gallery-item\"><figure><a href=\"http:\/\/rfk-nuernberg.de\/WordPress\/2019\/12\/25\/10-jahre-und-kein-bisschen-muede-der-rfk-feiert-geburtstag-auf-dem-christkindlesmarkt-in-nuernberg\/2019-12-25-rfk-homepage_017-3\/\"><img loading=\"lazy\" decoding=\"async\" width=\"768\" height=\"1024\" src=\"http:\/\/rfk-nuernberg.de\/WordPress\/wp-content\/uploads\/2019\/12\/2019-12-25-RFK-Homepage_017-2-768x1024.jpg\" alt=\"\" data-id=\"1590\" data-link=\"http:\/\/rfk-nuernberg.de\/WordPress\/2019\/12\/25\/10-jahre-und-kein-bisschen-muede-der-rfk-feiert-geburtstag-auf-dem-christkindlesmarkt-in-nuernberg\/2019-12-25-rfk-homepage_017-3\/\" class=\"wp-image-1590\" srcset=\"http:\/\/rfk-nuernberg.de\/WordPress\/wp-content\/uploads\/2019\/12\/2019-12-25-RFK-Homepage_017-2-768x1024.jpg 768w, http:\/\/rfk-nuernberg.de\/WordPress\/wp-content\/uploads\/2019\/12\/2019-12-25-RFK-Homepage_017-2-225x300.jpg 225w, http:\/\/rfk-nuernberg.de\/WordPress\/wp-content\/uploads\/2019\/12\/2019-12-25-RFK-Homepage_017-2.jpg 1200w\" sizes=\"auto, (max-width: 768px) 100vw, 768px\" \/><\/a><\/figure><\/li><li class=\"blocks-gallery-item\"><figure><a href=\"http:\/\/rfk-nuernberg.de\/WordPress\/2019\/12\/25\/10-jahre-und-kein-bisschen-muede-der-rfk-feiert-geburtstag-auf-dem-christkindlesmarkt-in-nuernberg\/2019-12-25-rfk-homepage_018-3\/\"><img loading=\"lazy\" decoding=\"async\" width=\"798\" height=\"1024\" src=\"http:\/\/rfk-nuernberg.de\/WordPress\/wp-content\/uploads\/2019\/12\/2019-12-25-RFK-Homepage_018-2-798x1024.jpg\" alt=\"\" data-id=\"1591\" data-link=\"http:\/\/rfk-nuernberg.de\/WordPress\/2019\/12\/25\/10-jahre-und-kein-bisschen-muede-der-rfk-feiert-geburtstag-auf-dem-christkindlesmarkt-in-nuernberg\/2019-12-25-rfk-homepage_018-3\/\" class=\"wp-image-1591\" srcset=\"http:\/\/rfk-nuernberg.de\/WordPress\/wp-content\/uploads\/2019\/12\/2019-12-25-RFK-Homepage_018-2.jpg 798w, http:\/\/rfk-nuernberg.de\/WordPress\/wp-content\/uploads\/2019\/12\/2019-12-25-RFK-Homepage_018-2-234x300.jpg 234w, http:\/\/rfk-nuernberg.de\/WordPress\/wp-content\/uploads\/2019\/12\/2019-12-25-RFK-Homepage_018-2-768x986.jpg 768w\" sizes=\"auto, (max-width: 798px) 100vw, 798px\" \/><\/a><\/figure><\/li><li class=\"blocks-gallery-item\"><figure><a href=\"http:\/\/rfk-nuernberg.de\/WordPress\/2019\/12\/25\/10-jahre-und-kein-bisschen-muede-der-rfk-feiert-geburtstag-auf-dem-christkindlesmarkt-in-nuernberg\/2019-12-25-rfk-homepage_019-3\/\"><img loading=\"lazy\" decoding=\"async\" width=\"1024\" height=\"768\" src=\"http:\/\/rfk-nuernberg.de\/WordPress\/wp-content\/uploads\/2019\/12\/2019-12-25-RFK-Homepage_019-2-1024x768.jpg\" alt=\"\" data-id=\"1592\" data-link=\"http:\/\/rfk-nuernberg.de\/WordPress\/2019\/12\/25\/10-jahre-und-kein-bisschen-muede-der-rfk-feiert-geburtstag-auf-dem-christkindlesmarkt-in-nuernberg\/2019-12-25-rfk-homepage_019-3\/\" class=\"wp-image-1592\" srcset=\"http:\/\/rfk-nuernberg.de\/WordPress\/wp-content\/uploads\/2019\/12\/2019-12-25-RFK-Homepage_019-2.jpg 1024w, http:\/\/rfk-nuernberg.de\/WordPress\/wp-content\/uploads\/2019\/12\/2019-12-25-RFK-Homepage_019-2-300x225.jpg 300w, http:\/\/rfk-nuernberg.de\/WordPress\/wp-content\/uploads\/2019\/12\/2019-12-25-RFK-Homepage_019-2-768x576.jpg 768w\" sizes=\"auto, (max-width: 1024px) 100vw, 1024px\" \/><\/a><\/figure><\/li><li class=\"blocks-gallery-item\"><figure><a href=\"http:\/\/rfk-nuernberg.de\/WordPress\/2019\/12\/25\/10-jahre-und-kein-bisschen-muede-der-rfk-feiert-geburtstag-auf-dem-christkindlesmarkt-in-nuernberg\/2019-12-25-rfk-homepage_020-3\/\"><img loading=\"lazy\" decoding=\"async\" width=\"1024\" height=\"717\" src=\"http:\/\/rfk-nuernberg.de\/WordPress\/wp-content\/uploads\/2019\/12\/2019-12-25-RFK-Homepage_020-2-1024x717.jpg\" alt=\"\" data-id=\"1593\" data-link=\"http:\/\/rfk-nuernberg.de\/WordPress\/2019\/12\/25\/10-jahre-und-kein-bisschen-muede-der-rfk-feiert-geburtstag-auf-dem-christkindlesmarkt-in-nuernberg\/2019-12-25-rfk-homepage_020-3\/\" class=\"wp-image-1593\" srcset=\"http:\/\/rfk-nuernberg.de\/WordPress\/wp-content\/uploads\/2019\/12\/2019-12-25-RFK-Homepage_020-2-1024x717.jpg 1024w, http:\/\/rfk-nuernberg.de\/WordPress\/wp-content\/uploads\/2019\/12\/2019-12-25-RFK-Homepage_020-2-300x210.jpg 300w, http:\/\/rfk-nuernberg.de\/WordPress\/wp-content\/uploads\/2019\/12\/2019-12-25-RFK-Homepage_020-2-768x538.jpg 768w, http:\/\/rfk-nuernberg.de\/WordPress\/wp-content\/uploads\/2019\/12\/2019-12-25-RFK-Homepage_020-2.jpg 1600w\" sizes=\"auto, (max-width: 1024px) 100vw, 1024px\" \/><\/a><\/figure><\/li><li class=\"blocks-gallery-item\"><figure><a href=\"http:\/\/rfk-nuernberg.de\/WordPress\/2019\/12\/25\/10-jahre-und-kein-bisschen-muede-der-rfk-feiert-geburtstag-auf-dem-christkindlesmarkt-in-nuernberg\/2019-12-25-rfk-homepage_021-3\/\"><img loading=\"lazy\" decoding=\"async\" width=\"768\" height=\"1024\" src=\"http:\/\/rfk-nuernberg.de\/WordPress\/wp-content\/uploads\/2019\/12\/2019-12-25-RFK-Homepage_021-2-768x1024.jpg\" alt=\"\" data-id=\"1594\" data-link=\"http:\/\/rfk-nuernberg.de\/WordPress\/2019\/12\/25\/10-jahre-und-kein-bisschen-muede-der-rfk-feiert-geburtstag-auf-dem-christkindlesmarkt-in-nuernberg\/2019-12-25-rfk-homepage_021-3\/\" class=\"wp-image-1594\" srcset=\"http:\/\/rfk-nuernberg.de\/WordPress\/wp-content\/uploads\/2019\/12\/2019-12-25-RFK-Homepage_021-2.jpg 768w, http:\/\/rfk-nuernberg.de\/WordPress\/wp-content\/uploads\/2019\/12\/2019-12-25-RFK-Homepage_021-2-225x300.jpg 225w\" sizes=\"auto, (max-width: 768px) 100vw, 768px\" \/><\/a><\/figure><\/li><li class=\"blocks-gallery-item\"><figure><a href=\"http:\/\/rfk-nuernberg.de\/WordPress\/2019\/12\/25\/10-jahre-und-kein-bisschen-muede-der-rfk-feiert-geburtstag-auf-dem-christkindlesmarkt-in-nuernberg\/2019-12-25-rfk-homepage_022-3\/\"><img loading=\"lazy\" decoding=\"async\" width=\"1024\" height=\"710\" src=\"http:\/\/rfk-nuernberg.de\/WordPress\/wp-content\/uploads\/2019\/12\/2019-12-25-RFK-Homepage_022-2-1024x710.jpg\" alt=\"\" data-id=\"1596\" data-link=\"http:\/\/rfk-nuernberg.de\/WordPress\/2019\/12\/25\/10-jahre-und-kein-bisschen-muede-der-rfk-feiert-geburtstag-auf-dem-christkindlesmarkt-in-nuernberg\/2019-12-25-rfk-homepage_022-3\/\" class=\"wp-image-1596\" srcset=\"http:\/\/rfk-nuernberg.de\/WordPress\/wp-content\/uploads\/2019\/12\/2019-12-25-RFK-Homepage_022-2-1024x710.jpg 1024w, http:\/\/rfk-nuernberg.de\/WordPress\/wp-content\/uploads\/2019\/12\/2019-12-25-RFK-Homepage_022-2-300x208.jpg 300w, http:\/\/rfk-nuernberg.de\/WordPress\/wp-content\/uploads\/2019\/12\/2019-12-25-RFK-Homepage_022-2-768x533.jpg 768w, http:\/\/rfk-nuernberg.de\/WordPress\/wp-content\/uploads\/2019\/12\/2019-12-25-RFK-Homepage_022-2.jpg 1600w\" sizes=\"auto, (max-width: 1024px) 100vw, 1024px\" \/><\/a><\/figure><\/li><li class=\"blocks-gallery-item\"><figure><a href=\"http:\/\/rfk-nuernberg.de\/WordPress\/2019\/12\/25\/10-jahre-und-kein-bisschen-muede-der-rfk-feiert-geburtstag-auf-dem-christkindlesmarkt-in-nuernberg\/2019-12-25-rfk-homepage_023-3\/\"><img loading=\"lazy\" decoding=\"async\" width=\"768\" height=\"1024\" src=\"http:\/\/rfk-nuernberg.de\/WordPress\/wp-content\/uploads\/2019\/12\/2019-12-25-RFK-Homepage_023-2-768x1024.jpg\" alt=\"\" data-id=\"1597\" data-link=\"http:\/\/rfk-nuernberg.de\/WordPress\/2019\/12\/25\/10-jahre-und-kein-bisschen-muede-der-rfk-feiert-geburtstag-auf-dem-christkindlesmarkt-in-nuernberg\/2019-12-25-rfk-homepage_023-3\/\" class=\"wp-image-1597\" srcset=\"http:\/\/rfk-nuernberg.de\/WordPress\/wp-content\/uploads\/2019\/12\/2019-12-25-RFK-Homepage_023-2-768x1024.jpg 768w, http:\/\/rfk-nuernberg.de\/WordPress\/wp-content\/uploads\/2019\/12\/2019-12-25-RFK-Homepage_023-2-225x300.jpg 225w, http:\/\/rfk-nuernberg.de\/WordPress\/wp-content\/uploads\/2019\/12\/2019-12-25-RFK-Homepage_023-2.jpg 1200w\" sizes=\"auto, (max-width: 768px) 100vw, 768px\" \/><\/a><\/figure><\/li><li class=\"blocks-gallery-item\"><figure><a href=\"http:\/\/rfk-nuernberg.de\/WordPress\/2019\/12\/25\/10-jahre-und-kein-bisschen-muede-der-rfk-feiert-geburtstag-auf-dem-christkindlesmarkt-in-nuernberg\/2019-12-25-rfk-homepage_024-3\/\"><img loading=\"lazy\" decoding=\"async\" width=\"240\" height=\"320\" src=\"http:\/\/rfk-nuernberg.de\/WordPress\/wp-content\/uploads\/2019\/12\/2019-12-25-RFK-Homepage_024-2.jpg\" alt=\"\" data-id=\"1598\" data-link=\"http:\/\/rfk-nuernberg.de\/WordPress\/2019\/12\/25\/10-jahre-und-kein-bisschen-muede-der-rfk-feiert-geburtstag-auf-dem-christkindlesmarkt-in-nuernberg\/2019-12-25-rfk-homepage_024-3\/\" class=\"wp-image-1598\" srcset=\"http:\/\/rfk-nuernberg.de\/WordPress\/wp-content\/uploads\/2019\/12\/2019-12-25-RFK-Homepage_024-2.jpg 240w, http:\/\/rfk-nuernberg.de\/WordPress\/wp-content\/uploads\/2019\/12\/2019-12-25-RFK-Homepage_024-2-225x300.jpg 225w\" sizes=\"auto, (max-width: 240px) 100vw, 240px\" \/><\/a><\/figure><\/li><li class=\"blocks-gallery-item\"><figure><a href=\"http:\/\/rfk-nuernberg.de\/WordPress\/2019\/12\/25\/10-jahre-und-kein-bisschen-muede-der-rfk-feiert-geburtstag-auf-dem-christkindlesmarkt-in-nuernberg\/2019-12-25-rfk-homepage_025-3\/\"><img loading=\"lazy\" decoding=\"async\" width=\"240\" height=\"320\" src=\"http:\/\/rfk-nuernberg.de\/WordPress\/wp-content\/uploads\/2019\/12\/2019-12-25-RFK-Homepage_025-2.jpg\" alt=\"\" data-id=\"1599\" data-link=\"http:\/\/rfk-nuernberg.de\/WordPress\/2019\/12\/25\/10-jahre-und-kein-bisschen-muede-der-rfk-feiert-geburtstag-auf-dem-christkindlesmarkt-in-nuernberg\/2019-12-25-rfk-homepage_025-3\/\" class=\"wp-image-1599\" srcset=\"http:\/\/rfk-nuernberg.de\/WordPress\/wp-content\/uploads\/2019\/12\/2019-12-25-RFK-Homepage_025-2.jpg 240w, http:\/\/rfk-nuernberg.de\/WordPress\/wp-content\/uploads\/2019\/12\/2019-12-25-RFK-Homepage_025-2-225x300.jpg 225w\" sizes=\"auto, (max-width: 240px) 100vw, 240px\" \/><\/a><\/figure><\/li><li class=\"blocks-gallery-item\"><figure><a href=\"http:\/\/rfk-nuernberg.de\/WordPress\/2019\/12\/25\/10-jahre-und-kein-bisschen-muede-der-rfk-feiert-geburtstag-auf-dem-christkindlesmarkt-in-nuernberg\/2019-12-25-rfk-homepage_026-3\/\"><img loading=\"lazy\" decoding=\"async\" width=\"576\" height=\"1024\" src=\"http:\/\/rfk-nuernberg.de\/WordPress\/wp-content\/uploads\/2019\/12\/2019-12-25-RFK-Homepage_026-2-576x1024.jpg\" alt=\"\" data-id=\"1600\" data-link=\"http:\/\/rfk-nuernberg.de\/WordPress\/2019\/12\/25\/10-jahre-und-kein-bisschen-muede-der-rfk-feiert-geburtstag-auf-dem-christkindlesmarkt-in-nuernberg\/2019-12-25-rfk-homepage_026-3\/\" class=\"wp-image-1600\" srcset=\"http:\/\/rfk-nuernberg.de\/WordPress\/wp-content\/uploads\/2019\/12\/2019-12-25-RFK-Homepage_026-2-576x1024.jpg 576w, http:\/\/rfk-nuernberg.de\/WordPress\/wp-content\/uploads\/2019\/12\/2019-12-25-RFK-Homepage_026-2-169x300.jpg 169w, http:\/\/rfk-nuernberg.de\/WordPress\/wp-content\/uploads\/2019\/12\/2019-12-25-RFK-Homepage_026-2-768x1365.jpg 768w, http:\/\/rfk-nuernberg.de\/WordPress\/wp-content\/uploads\/2019\/12\/2019-12-25-RFK-Homepage_026-2.jpg 900w\" sizes=\"auto, (max-width: 576px) 100vw, 576px\" \/><\/a><\/figure><\/li><li class=\"blocks-gallery-item\"><figure><a href=\"http:\/\/rfk-nuernberg.de\/WordPress\/2019\/12\/25\/10-jahre-und-kein-bisschen-muede-der-rfk-feiert-geburtstag-auf-dem-christkindlesmarkt-in-nuernberg\/2019-12-25-rfk-homepage_027-3\/\"><img loading=\"lazy\" decoding=\"async\" width=\"576\" height=\"1024\" src=\"http:\/\/rfk-nuernberg.de\/WordPress\/wp-content\/uploads\/2019\/12\/2019-12-25-RFK-Homepage_027-2-576x1024.jpg\" alt=\"\" data-id=\"1601\" data-link=\"http:\/\/rfk-nuernberg.de\/WordPress\/2019\/12\/25\/10-jahre-und-kein-bisschen-muede-der-rfk-feiert-geburtstag-auf-dem-christkindlesmarkt-in-nuernberg\/2019-12-25-rfk-homepage_027-3\/\" class=\"wp-image-1601\" srcset=\"http:\/\/rfk-nuernberg.de\/WordPress\/wp-content\/uploads\/2019\/12\/2019-12-25-RFK-Homepage_027-2-576x1024.jpg 576w, http:\/\/rfk-nuernberg.de\/WordPress\/wp-content\/uploads\/2019\/12\/2019-12-25-RFK-Homepage_027-2-169x300.jpg 169w, http:\/\/rfk-nuernberg.de\/WordPress\/wp-content\/uploads\/2019\/12\/2019-12-25-RFK-Homepage_027-2-768x1365.jpg 768w, http:\/\/rfk-nuernberg.de\/WordPress\/wp-content\/uploads\/2019\/12\/2019-12-25-RFK-Homepage_027-2.jpg 900w\" sizes=\"auto, (max-width: 576px) 100vw, 576px\" \/><\/a><\/figure><\/li><li class=\"blocks-gallery-item\"><figure><a href=\"http:\/\/rfk-nuernberg.de\/WordPress\/2019\/12\/25\/10-jahre-und-kein-bisschen-muede-der-rfk-feiert-geburtstag-auf-dem-christkindlesmarkt-in-nuernberg\/2019-12-25-rfk-homepage_028-3\/\"><img loading=\"lazy\" decoding=\"async\" width=\"660\" height=\"1024\" src=\"http:\/\/rfk-nuernberg.de\/WordPress\/wp-content\/uploads\/2019\/12\/2019-12-25-RFK-Homepage_028-2-660x1024.jpg\" alt=\"\" data-id=\"1602\" data-link=\"http:\/\/rfk-nuernberg.de\/WordPress\/2019\/12\/25\/10-jahre-und-kein-bisschen-muede-der-rfk-feiert-geburtstag-auf-dem-christkindlesmarkt-in-nuernberg\/2019-12-25-rfk-homepage_028-3\/\" class=\"wp-image-1602\" srcset=\"http:\/\/rfk-nuernberg.de\/WordPress\/wp-content\/uploads\/2019\/12\/2019-12-25-RFK-Homepage_028-2-660x1024.jpg 660w, http:\/\/rfk-nuernberg.de\/WordPress\/wp-content\/uploads\/2019\/12\/2019-12-25-RFK-Homepage_028-2-193x300.jpg 193w, http:\/\/rfk-nuernberg.de\/WordPress\/wp-content\/uploads\/2019\/12\/2019-12-25-RFK-Homepage_028-2-768x1192.jpg 768w, http:\/\/rfk-nuernberg.de\/WordPress\/wp-content\/uploads\/2019\/12\/2019-12-25-RFK-Homepage_028-2.jpg 1031w\" sizes=\"auto, (max-width: 660px) 100vw, 660px\" \/><\/a><\/figure><\/li><li class=\"blocks-gallery-item\"><figure><a href=\"http:\/\/rfk-nuernberg.de\/WordPress\/2019\/12\/25\/10-jahre-und-kein-bisschen-muede-der-rfk-feiert-geburtstag-auf-dem-christkindlesmarkt-in-nuernberg\/2019-12-25-rfk-homepage_029-3\/\"><img loading=\"lazy\" decoding=\"async\" width=\"771\" height=\"1024\" src=\"http:\/\/rfk-nuernberg.de\/WordPress\/wp-content\/uploads\/2019\/12\/2019-12-25-RFK-Homepage_029-2-771x1024.jpg\" alt=\"\" data-id=\"1603\" data-link=\"http:\/\/rfk-nuernberg.de\/WordPress\/2019\/12\/25\/10-jahre-und-kein-bisschen-muede-der-rfk-feiert-geburtstag-auf-dem-christkindlesmarkt-in-nuernberg\/2019-12-25-rfk-homepage_029-3\/\" class=\"wp-image-1603\" srcset=\"http:\/\/rfk-nuernberg.de\/WordPress\/wp-content\/uploads\/2019\/12\/2019-12-25-RFK-Homepage_029-2-771x1024.jpg 771w, http:\/\/rfk-nuernberg.de\/WordPress\/wp-content\/uploads\/2019\/12\/2019-12-25-RFK-Homepage_029-2-226x300.jpg 226w, http:\/\/rfk-nuernberg.de\/WordPress\/wp-content\/uploads\/2019\/12\/2019-12-25-RFK-Homepage_029-2-768x1020.jpg 768w, http:\/\/rfk-nuernberg.de\/WordPress\/wp-content\/uploads\/2019\/12\/2019-12-25-RFK-Homepage_029-2.jpg 1205w\" sizes=\"auto, (max-width: 771px) 100vw, 771px\" \/><\/a><\/figure><\/li><li class=\"blocks-gallery-item\"><figure><a href=\"http:\/\/rfk-nuernberg.de\/WordPress\/2019\/12\/25\/10-jahre-und-kein-bisschen-muede-der-rfk-feiert-geburtstag-auf-dem-christkindlesmarkt-in-nuernberg\/2019-12-25-rfk-homepage_030-3\/\"><img loading=\"lazy\" decoding=\"async\" width=\"240\" height=\"320\" src=\"http:\/\/rfk-nuernberg.de\/WordPress\/wp-content\/uploads\/2019\/12\/2019-12-25-RFK-Homepage_030-2.jpg\" alt=\"\" data-id=\"1604\" data-link=\"http:\/\/rfk-nuernberg.de\/WordPress\/2019\/12\/25\/10-jahre-und-kein-bisschen-muede-der-rfk-feiert-geburtstag-auf-dem-christkindlesmarkt-in-nuernberg\/2019-12-25-rfk-homepage_030-3\/\" class=\"wp-image-1604\" srcset=\"http:\/\/rfk-nuernberg.de\/WordPress\/wp-content\/uploads\/2019\/12\/2019-12-25-RFK-Homepage_030-2.jpg 240w, http:\/\/rfk-nuernberg.de\/WordPress\/wp-content\/uploads\/2019\/12\/2019-12-25-RFK-Homepage_030-2-225x300.jpg 225w\" sizes=\"auto, (max-width: 240px) 100vw, 240px\" \/><\/a><\/figure><\/li><li class=\"blocks-gallery-item\"><figure><a href=\"http:\/\/rfk-nuernberg.de\/WordPress\/2019\/12\/25\/10-jahre-und-kein-bisschen-muede-der-rfk-feiert-geburtstag-auf-dem-christkindlesmarkt-in-nuernberg\/2019-12-25-rfk-homepage_031-3\/\"><img loading=\"lazy\" decoding=\"async\" width=\"554\" height=\"1024\" src=\"http:\/\/rfk-nuernberg.de\/WordPress\/wp-content\/uploads\/2019\/12\/2019-12-25-RFK-Homepage_031-2-554x1024.jpg\" alt=\"\" data-id=\"1605\" data-link=\"http:\/\/rfk-nuernberg.de\/WordPress\/2019\/12\/25\/10-jahre-und-kein-bisschen-muede-der-rfk-feiert-geburtstag-auf-dem-christkindlesmarkt-in-nuernberg\/2019-12-25-rfk-homepage_031-3\/\" class=\"wp-image-1605\" srcset=\"http:\/\/rfk-nuernberg.de\/WordPress\/wp-content\/uploads\/2019\/12\/2019-12-25-RFK-Homepage_031-2-554x1024.jpg 554w, http:\/\/rfk-nuernberg.de\/WordPress\/wp-content\/uploads\/2019\/12\/2019-12-25-RFK-Homepage_031-2-162x300.jpg 162w, http:\/\/rfk-nuernberg.de\/WordPress\/wp-content\/uploads\/2019\/12\/2019-12-25-RFK-Homepage_031-2-768x1419.jpg 768w, http:\/\/rfk-nuernberg.de\/WordPress\/wp-content\/uploads\/2019\/12\/2019-12-25-RFK-Homepage_031-2.jpg 866w\" sizes=\"auto, (max-width: 554px) 100vw, 554px\" \/><\/a><\/figure><\/li><li class=\"blocks-gallery-item\"><figure><a href=\"http:\/\/rfk-nuernberg.de\/WordPress\/2019\/12\/25\/10-jahre-und-kein-bisschen-muede-der-rfk-feiert-geburtstag-auf-dem-christkindlesmarkt-in-nuernberg\/2019-12-25-rfk-homepage_032-3\/\"><img loading=\"lazy\" decoding=\"async\" width=\"673\" height=\"1008\" src=\"http:\/\/rfk-nuernberg.de\/WordPress\/wp-content\/uploads\/2019\/12\/2019-12-25-RFK-Homepage_032-2.jpg\" alt=\"\" data-id=\"1606\" data-link=\"http:\/\/rfk-nuernberg.de\/WordPress\/2019\/12\/25\/10-jahre-und-kein-bisschen-muede-der-rfk-feiert-geburtstag-auf-dem-christkindlesmarkt-in-nuernberg\/2019-12-25-rfk-homepage_032-3\/\" class=\"wp-image-1606\" srcset=\"http:\/\/rfk-nuernberg.de\/WordPress\/wp-content\/uploads\/2019\/12\/2019-12-25-RFK-Homepage_032-2.jpg 673w, http:\/\/rfk-nuernberg.de\/WordPress\/wp-content\/uploads\/2019\/12\/2019-12-25-RFK-Homepage_032-2-200x300.jpg 200w\" sizes=\"auto, (max-width: 673px) 100vw, 673px\" \/><\/a><\/figure><\/li><li class=\"blocks-gallery-item\"><figure><a href=\"http:\/\/rfk-nuernberg.de\/WordPress\/2019\/12\/25\/10-jahre-und-kein-bisschen-muede-der-rfk-feiert-geburtstag-auf-dem-christkindlesmarkt-in-nuernberg\/2019-12-25-rfk-homepage_033-3\/\"><img loading=\"lazy\" decoding=\"async\" width=\"1024\" height=\"635\" src=\"http:\/\/rfk-nuernberg.de\/WordPress\/wp-content\/uploads\/2019\/12\/2019-12-25-RFK-Homepage_033-2-1024x635.jpg\" alt=\"\" data-id=\"1607\" data-link=\"http:\/\/rfk-nuernberg.de\/WordPress\/2019\/12\/25\/10-jahre-und-kein-bisschen-muede-der-rfk-feiert-geburtstag-auf-dem-christkindlesmarkt-in-nuernberg\/2019-12-25-rfk-homepage_033-3\/\" class=\"wp-image-1607\" srcset=\"http:\/\/rfk-nuernberg.de\/WordPress\/wp-content\/uploads\/2019\/12\/2019-12-25-RFK-Homepage_033-2.jpg 1024w, http:\/\/rfk-nuernberg.de\/WordPress\/wp-content\/uploads\/2019\/12\/2019-12-25-RFK-Homepage_033-2-300x186.jpg 300w, http:\/\/rfk-nuernberg.de\/WordPress\/wp-content\/uploads\/2019\/12\/2019-12-25-RFK-Homepage_033-2-768x476.jpg 768w\" sizes=\"auto, (max-width: 1024px) 100vw, 1024px\" \/><\/a><\/figure><\/li><\/ul>\n\n\n\n<p><\/p>\n","protected":false},"excerpt":{"rendered":"<p>Getreu Frizzis Motto \u201eQuick &amp; Dirty\u201c haben die RFK-ler auch in diesem Jahr ihre Christkindlesmarkt-Tradition fortgesetzt &#8211; diesmal allerdings im kleinen Kreis und (leider) ohne Sch\u00e4ufele! Manchmal ist es schwierig die richtigen Worte zu finden \u2013 nichts desto trotz geb\u00fchren &hellip; <a href=\"http:\/\/rfk-nuernberg.de\/WordPress\/2019\/12\/25\/10-jahre-und-kein-bisschen-muede-der-rfk-feiert-geburtstag-auf-dem-christkindlesmarkt-in-nuernberg\/\">Weiterlesen <span class=\"meta-nav\">&rarr;<\/span><\/a><\/p>\n","protected":false},"author":8,"featured_media":1574,"comment_status":"open","ping_status":"open","sticky":false,"template":"","format":"gallery","meta":{"footnotes":""},"categories":[31,27,14],"tags":[139,56,123,140,9,44,48,137,101,134,138],"class_list":["post-1499","post","type-post","status-publish","format-gallery","has-post-thumbnail","hentry","category-allgemein","category-fun-event","category-run-event","tag-alle-machen-mit","tag-christkindlesmarkt","tag-heino-hassler","tag-legend-tour-2020","tag-micha","tag-nurnberg","tag-schefer","tag-schoener-brunnen","tag-tanja","tag-world-in-my-eyes-tour-2018","tag-x-tour-2019","post_format-post-format-gallery"],"_links":{"self":[{"href":"http:\/\/rfk-nuernberg.de\/WordPress\/wp-json\/wp\/v2\/posts\/1499","targetHints":{"allow":["GET"]}}],"collection":[{"href":"http:\/\/rfk-nuernberg.de\/WordPress\/wp-json\/wp\/v2\/posts"}],"about":[{"href":"http:\/\/rfk-nuernberg.de\/WordPress\/wp-json\/wp\/v2\/types\/post"}],"author":[{"embeddable":true,"href":"http:\/\/rfk-nuernberg.de\/WordPress\/wp-json\/wp\/v2\/users\/8"}],"replies":[{"embeddable":true,"href":"http:\/\/rfk-nuernberg.de\/WordPress\/wp-json\/wp\/v2\/comments?post=1499"}],"version-history":[{"count":7,"href":"http:\/\/rfk-nuernberg.de\/WordPress\/wp-json\/wp\/v2\/posts\/1499\/revisions"}],"predecessor-version":[{"id":1609,"href":"http:\/\/rfk-nuernberg.de\/WordPress\/wp-json\/wp\/v2\/posts\/1499\/revisions\/1609"}],"wp:featuredmedia":[{"embeddable":true,"href":"http:\/\/rfk-nuernberg.de\/WordPress\/wp-json\/wp\/v2\/media\/1574"}],"wp:attachment":[{"href":"http:\/\/rfk-nuernberg.de\/WordPress\/wp-json\/wp\/v2\/media?parent=1499"}],"wp:term":[{"taxonomy":"category","embeddable":true,"href":"http:\/\/rfk-nuernberg.de\/WordPress\/wp-json\/wp\/v2\/categories?post=1499"},{"taxonomy":"post_tag","embeddable":true,"href":"http:\/\/rfk-nuernberg.de\/WordPress\/wp-json\/wp\/v2\/tags?post=1499"}],"curies":[{"name":"wp","href":"https:\/\/api.w.org\/{rel}","templated":true}]}}