{"id":1469,"date":"2018-12-31T22:06:20","date_gmt":"2018-12-31T21:06:20","guid":{"rendered":"http:\/\/rfk-nuernberg.de\/WordPress\/?p=1469"},"modified":"2019-01-01T12:12:26","modified_gmt":"2019-01-01T11:12:26","slug":"dem-brauchtum-froehnen-der-rfk-wieder-zu-gast-auf-dem-christkindlesmarkt-in-nuernberg","status":"publish","type":"post","link":"http:\/\/rfk-nuernberg.de\/WordPress\/2018\/12\/31\/dem-brauchtum-froehnen-der-rfk-wieder-zu-gast-auf-dem-christkindlesmarkt-in-nuernberg\/","title":{"rendered":"Dem Brauchtum fr\u00f6hnen &#8211; der RFK wieder zu Gast auf dem Christkindlesmarkt in N\u00fcrnberg"},"content":{"rendered":"<p><strong>\u201eJa, ist den heut\u00b4 schon Weihnachten?\u201c Nein, das war es sicher nicht, aber getreu der K\u00f6lner Redewendung: <em>\u201eBeim 1. Mal haben wir es ausprobiert, beim\u00a02. Mal ist es schon Tradition und beim\u00a03. Mal Brauchtum!\u201c<\/em> haben sich die RFK-ler auch dieses Jahr wieder am ersten Dezember-Wochenende in N\u00fcrnberg eingefunden und mit den \u00fcbrigen OKA-lern ordentlich einen geschlabbert!<\/strong><\/p>\n<p>Auch wenn das eine oder andere RFK-Mitglied kurzerhand verhindert war, haben sich die anwesenden Tanja, Kiki und Adrian, Schmittie und der Schefer k\u00f6stlich im \u201eDas Paul\u201c am\u00fcsiert und die eine oder andere Weihnachtsk\u00f6stlichkeit genossen. Nach ein paar weiteren Gl\u00fchwein auf dem Christkindlesmarkt ging es diesmal in das Wirtshaus \u201eH\u00fcttn\u201c, wo sich Brigitte wieder einmal als hervorragende Reisef\u00fchrerin und Ortskennerin outete. Lustig war\u00b4s und reichlich interessant. Was machen die Schweizer unseres Vereins, wie ergeht es dem Schefer in der Schule, wohin verschl\u00e4gt es den Schmittie im kommenden Jahr, wie entwickelt sich der Kochsche Nachwuchs und wie schafft es Annette bis zur Rente? Kr\u00f6nender Abschlu\u00df war\u00a0schlie\u00dflich der Abschied am Sch\u00f6nen Brunnen, wo sich Brigitte, Kiki und Adrian kurzerhand der \u201eWorld in my Eyes-Tour 2018&#8243; anschlossen (Infos zu diesem die Welt umspannenden Projekt folgen in einem separaten Post).<\/p>\n<p>F\u00fcr heute bleibt mir nur, Euch allen einen guten Rutsch ins Jahr 2019 zu w\u00fcnschen, verbunden mit dem Wunsch auf ein baldiges Wiedersehen mit allen oder zumindest vielen RFK-lern. Bleibt gesund und munter!<\/p>\n<p>Euer Schefer<\/p>\n<p>&nbsp;<\/p>\n<div id='gallery-1' class='gallery galleryid-1469 gallery-columns-3 gallery-size-thumbnail'><dl class='gallery-item'>\n\t\t\t<dt class='gallery-icon landscape'>\n\t\t\t\t<a href='http:\/\/rfk-nuernberg.de\/WordPress\/2018\/12\/31\/dem-brauchtum-froehnen-der-rfk-wieder-zu-gast-auf-dem-christkindlesmarkt-in-nuernberg\/christkindlesmarkt-2018_01-2\/'><img loading=\"lazy\" decoding=\"async\" width=\"150\" height=\"150\" src=\"http:\/\/rfk-nuernberg.de\/WordPress\/wp-content\/uploads\/2018\/12\/Christkindlesmarkt-2018_01-1-150x150.jpg\" class=\"attachment-thumbnail size-thumbnail\" alt=\"\" \/><\/a>\n\t\t\t<\/dt><\/dl><dl class='gallery-item'>\n\t\t\t<dt class='gallery-icon landscape'>\n\t\t\t\t<a href='http:\/\/rfk-nuernberg.de\/WordPress\/2018\/12\/31\/dem-brauchtum-froehnen-der-rfk-wieder-zu-gast-auf-dem-christkindlesmarkt-in-nuernberg\/christkindlesmarkt-2018_02-2\/'><img loading=\"lazy\" decoding=\"async\" width=\"150\" height=\"150\" src=\"http:\/\/rfk-nuernberg.de\/WordPress\/wp-content\/uploads\/2018\/12\/Christkindlesmarkt-2018_02-1-150x150.jpg\" class=\"attachment-thumbnail size-thumbnail\" alt=\"\" \/><\/a>\n\t\t\t<\/dt><\/dl><dl class='gallery-item'>\n\t\t\t<dt class='gallery-icon portrait'>\n\t\t\t\t<a href='http:\/\/rfk-nuernberg.de\/WordPress\/2018\/12\/31\/dem-brauchtum-froehnen-der-rfk-wieder-zu-gast-auf-dem-christkindlesmarkt-in-nuernberg\/christkindlesmarkt-2018_03-2\/'><img loading=\"lazy\" decoding=\"async\" width=\"150\" height=\"150\" src=\"http:\/\/rfk-nuernberg.de\/WordPress\/wp-content\/uploads\/2018\/12\/Christkindlesmarkt-2018_03-1-150x150.jpg\" class=\"attachment-thumbnail size-thumbnail\" alt=\"\" \/><\/a>\n\t\t\t<\/dt><\/dl><br style=\"clear: both\" \/><dl class='gallery-item'>\n\t\t\t<dt class='gallery-icon landscape'>\n\t\t\t\t<a href='http:\/\/rfk-nuernberg.de\/WordPress\/2018\/12\/31\/dem-brauchtum-froehnen-der-rfk-wieder-zu-gast-auf-dem-christkindlesmarkt-in-nuernberg\/christkindlesmarkt-2018_04-2\/'><img loading=\"lazy\" decoding=\"async\" width=\"150\" height=\"150\" src=\"http:\/\/rfk-nuernberg.de\/WordPress\/wp-content\/uploads\/2018\/12\/Christkindlesmarkt-2018_04-1-150x150.jpg\" class=\"attachment-thumbnail size-thumbnail\" alt=\"\" \/><\/a>\n\t\t\t<\/dt><\/dl><dl class='gallery-item'>\n\t\t\t<dt class='gallery-icon landscape'>\n\t\t\t\t<a href='http:\/\/rfk-nuernberg.de\/WordPress\/2018\/12\/31\/dem-brauchtum-froehnen-der-rfk-wieder-zu-gast-auf-dem-christkindlesmarkt-in-nuernberg\/christkindlesmarkt-2018_05-2\/'><img loading=\"lazy\" decoding=\"async\" width=\"150\" height=\"150\" src=\"http:\/\/rfk-nuernberg.de\/WordPress\/wp-content\/uploads\/2018\/12\/Christkindlesmarkt-2018_05-1-150x150.jpg\" class=\"attachment-thumbnail size-thumbnail\" alt=\"\" \/><\/a>\n\t\t\t<\/dt><\/dl><dl class='gallery-item'>\n\t\t\t<dt class='gallery-icon landscape'>\n\t\t\t\t<a href='http:\/\/rfk-nuernberg.de\/WordPress\/2018\/12\/31\/dem-brauchtum-froehnen-der-rfk-wieder-zu-gast-auf-dem-christkindlesmarkt-in-nuernberg\/christkindlesmarkt-2018_06-3\/'><img loading=\"lazy\" decoding=\"async\" width=\"150\" height=\"150\" src=\"http:\/\/rfk-nuernberg.de\/WordPress\/wp-content\/uploads\/2018\/12\/Christkindlesmarkt-2018_06-2-150x150.jpg\" class=\"attachment-thumbnail size-thumbnail\" alt=\"\" \/><\/a>\n\t\t\t<\/dt><\/dl><br style=\"clear: both\" \/>\n\t\t<\/div>\n\n<p>&nbsp;<\/p>\n<p>&nbsp;<\/p>\n<p>&nbsp;<\/p>\n<p>&nbsp;<\/p>\n","protected":false},"excerpt":{"rendered":"<p>\u201eJa, ist den heut\u00b4 schon Weihnachten?\u201c Nein, das war es sicher nicht, aber getreu der K\u00f6lner Redewendung: \u201eBeim 1. Mal haben wir es ausprobiert, beim\u00a02. Mal ist es schon Tradition und beim\u00a03. Mal Brauchtum!\u201c haben sich die RFK-ler auch dieses &hellip; <a href=\"http:\/\/rfk-nuernberg.de\/WordPress\/2018\/12\/31\/dem-brauchtum-froehnen-der-rfk-wieder-zu-gast-auf-dem-christkindlesmarkt-in-nuernberg\/\">Weiterlesen <span class=\"meta-nav\">&rarr;<\/span><\/a><\/p>\n","protected":false},"author":8,"featured_media":1485,"comment_status":"open","ping_status":"open","sticky":false,"template":"","format":"gallery","meta":{"footnotes":""},"categories":[31,27],"tags":[11,56,128,136,133,44,48,54,137,101,135,134],"class_list":["post-1469","post","type-post","status-publish","format-gallery","has-post-thumbnail","hentry","category-allgemein","category-fun-event","tag-adrian","tag-christkindlesmarkt","tag-das-paul","tag-gluehwein","tag-kiki","tag-nurnberg","tag-schefer","tag-schmittie","tag-schoener-brunnen","tag-tanja","tag-wirthaus-huettn","tag-world-in-my-eyes-tour-2018","post_format-post-format-gallery"],"_links":{"self":[{"href":"http:\/\/rfk-nuernberg.de\/WordPress\/wp-json\/wp\/v2\/posts\/1469","targetHints":{"allow":["GET"]}}],"collection":[{"href":"http:\/\/rfk-nuernberg.de\/WordPress\/wp-json\/wp\/v2\/posts"}],"about":[{"href":"http:\/\/rfk-nuernberg.de\/WordPress\/wp-json\/wp\/v2\/types\/post"}],"author":[{"embeddable":true,"href":"http:\/\/rfk-nuernberg.de\/WordPress\/wp-json\/wp\/v2\/users\/8"}],"replies":[{"embeddable":true,"href":"http:\/\/rfk-nuernberg.de\/WordPress\/wp-json\/wp\/v2\/comments?post=1469"}],"version-history":[{"count":14,"href":"http:\/\/rfk-nuernberg.de\/WordPress\/wp-json\/wp\/v2\/posts\/1469\/revisions"}],"predecessor-version":[{"id":1496,"href":"http:\/\/rfk-nuernberg.de\/WordPress\/wp-json\/wp\/v2\/posts\/1469\/revisions\/1496"}],"wp:featuredmedia":[{"embeddable":true,"href":"http:\/\/rfk-nuernberg.de\/WordPress\/wp-json\/wp\/v2\/media\/1485"}],"wp:attachment":[{"href":"http:\/\/rfk-nuernberg.de\/WordPress\/wp-json\/wp\/v2\/media?parent=1469"}],"wp:term":[{"taxonomy":"category","embeddable":true,"href":"http:\/\/rfk-nuernberg.de\/WordPress\/wp-json\/wp\/v2\/categories?post=1469"},{"taxonomy":"post_tag","embeddable":true,"href":"http:\/\/rfk-nuernberg.de\/WordPress\/wp-json\/wp\/v2\/tags?post=1469"}],"curies":[{"name":"wp","href":"https:\/\/api.w.org\/{rel}","templated":true}]}}