{"id":1373,"date":"2016-12-31T11:54:55","date_gmt":"2016-12-31T10:54:55","guid":{"rendered":"http:\/\/rfk-nuernberg.de\/WordPress\/?p=1373"},"modified":"2016-12-31T11:58:15","modified_gmt":"2016-12-31T10:58:15","slug":"jhvrfk-celebration-in-franconia","status":"publish","type":"post","link":"http:\/\/rfk-nuernberg.de\/WordPress\/2016\/12\/31\/jhvrfk-celebration-in-franconia\/","title":{"rendered":"#JHVRFK \u2013 Celebration in Franconia"},"content":{"rendered":"<p><strong>10 Jahre nach der sensationellen FIFA Fussball WM 2006\u2122 stand am 03.12.2016 die 7. Jahreshauptversammlung des RFK auf dem Programm. Die Legende lebt! \u00a0<\/strong><\/p>\n<p>Hier die wichtigsten Antworten zum Jahresabschlussevent.<\/p>\n<p><strong>Was habe ich verpasst?<br \/>\n<\/strong>Sensationelle Leute, ausgelassene Stimmung, eine flotte JHV, die neusten Geschichten und Ger\u00fcchte von den RFKlern, Glanz und Gloria, eine Schnapsrunde auf das Ehrenmitglied Willy sowie einen gl\u00fccklichen Finanzchef.<\/p>\n<p><strong>Any breaking news?<br \/>\n<\/strong>Bea und Kiki sind neu im Klub dabei: Als Passivmitglieder und voll motiviert. Nicht mehr am Start sind leider der Weltmeister 2006 \u201eCello il grande\u201c und \u201eJoao der fiese Portugiese\u201c. Die Homepage ist wieder online, der Hauptsponsor will seine Pr\u00e4senz deutlich ausbauen (#morethanhoney) und einige Mitglieder wollen in Roth 2017 richtig angreifen, ohne ins Schwimmen zu kommen.<\/p>\n<p><strong>Alles Lotto oder was?<br \/>\n<\/strong>Neu m\u00fcssen Gewinne \u00fcber 5 EUR im RFK-Whats-app Chat kommuniziert werden. Man glaubt immer noch nachdr\u00fccklich an den grossen Durchbruch.<\/p>\n<p><strong>Das Ganze in Zahlen:<br \/>\n<\/strong>10 Jahre FIFA WM 2006\u2122<br \/>\n7 Jahre RFK<br \/>\n12 Jahre am St\u00fcck: Presidente Bj\u00f6rn war von 2004 \u2013 2016 immer am Christkindlesmarkt dabei. Chapeau!<\/p>\n<div style=\"width: 640px;\" class=\"wp-video\"><video class=\"wp-video-shortcode\" id=\"video-1373-1\" width=\"640\" height=\"352\" preload=\"metadata\" controls=\"controls\"><source type=\"video\/mp4\" src=\"http:\/\/rfk-nuernberg.de\/WordPress\/wp-content\/uploads\/2016\/12\/Film-RFK.mp4?_=1\" \/><a href=\"http:\/\/rfk-nuernberg.de\/WordPress\/wp-content\/uploads\/2016\/12\/Film-RFK.mp4\">http:\/\/rfk-nuernberg.de\/WordPress\/wp-content\/uploads\/2016\/12\/Film-RFK.mp4<\/a><\/video><\/div>\n<p><a href=\"http:\/\/rfk-nuernberg.de\/WordPress\/wp-content\/uploads\/2016\/12\/RFK-II.jpg\"><img loading=\"lazy\" decoding=\"async\" class=\"aligncenter wp-image-1375\" src=\"http:\/\/rfk-nuernberg.de\/WordPress\/wp-content\/uploads\/2016\/12\/RFK-II-300x225.jpg\" alt=\"rfk-ii\" width=\"407\" height=\"305\" srcset=\"http:\/\/rfk-nuernberg.de\/WordPress\/wp-content\/uploads\/2016\/12\/RFK-II-300x225.jpg 300w, http:\/\/rfk-nuernberg.de\/WordPress\/wp-content\/uploads\/2016\/12\/RFK-II-768x576.jpg 768w, http:\/\/rfk-nuernberg.de\/WordPress\/wp-content\/uploads\/2016\/12\/RFK-II-1024x768.jpg 1024w, http:\/\/rfk-nuernberg.de\/WordPress\/wp-content\/uploads\/2016\/12\/RFK-II.jpg 1600w\" sizes=\"auto, (max-width: 407px) 100vw, 407px\" \/><\/a> <a href=\"http:\/\/rfk-nuernberg.de\/WordPress\/wp-content\/uploads\/2016\/12\/RFK-III.jpg\"><img loading=\"lazy\" decoding=\"async\" class=\"aligncenter wp-image-1376\" src=\"http:\/\/rfk-nuernberg.de\/WordPress\/wp-content\/uploads\/2016\/12\/RFK-III-300x225.jpg\" alt=\"rfk-iii\" width=\"410\" height=\"308\" srcset=\"http:\/\/rfk-nuernberg.de\/WordPress\/wp-content\/uploads\/2016\/12\/RFK-III-300x225.jpg 300w, http:\/\/rfk-nuernberg.de\/WordPress\/wp-content\/uploads\/2016\/12\/RFK-III-768x576.jpg 768w, http:\/\/rfk-nuernberg.de\/WordPress\/wp-content\/uploads\/2016\/12\/RFK-III-1024x768.jpg 1024w, http:\/\/rfk-nuernberg.de\/WordPress\/wp-content\/uploads\/2016\/12\/RFK-III.jpg 1600w\" sizes=\"auto, (max-width: 410px) 100vw, 410px\" \/><\/a><\/p>\n","protected":false},"excerpt":{"rendered":"<p>10 Jahre nach der sensationellen FIFA Fussball WM 2006\u2122 stand am 03.12.2016 die 7. Jahreshauptversammlung des RFK auf dem Programm. Die Legende lebt! \u00a0 Hier die wichtigsten Antworten zum Jahresabschlussevent. Was habe ich verpasst? Sensationelle Leute, ausgelassene Stimmung, eine flotte &hellip; <a href=\"http:\/\/rfk-nuernberg.de\/WordPress\/2016\/12\/31\/jhvrfk-celebration-in-franconia\/\">Weiterlesen <span class=\"meta-nav\">&rarr;<\/span><\/a><\/p>\n","protected":false},"author":5,"featured_media":0,"comment_status":"open","ping_status":"open","sticky":false,"template":"","format":"gallery","meta":{"footnotes":""},"categories":[16,31,27],"tags":[],"class_list":["post-1373","post","type-post","status-publish","format-gallery","hentry","category-album","category-allgemein","category-fun-event","post_format-post-format-gallery"],"_links":{"self":[{"href":"http:\/\/rfk-nuernberg.de\/WordPress\/wp-json\/wp\/v2\/posts\/1373","targetHints":{"allow":["GET"]}}],"collection":[{"href":"http:\/\/rfk-nuernberg.de\/WordPress\/wp-json\/wp\/v2\/posts"}],"about":[{"href":"http:\/\/rfk-nuernberg.de\/WordPress\/wp-json\/wp\/v2\/types\/post"}],"author":[{"embeddable":true,"href":"http:\/\/rfk-nuernberg.de\/WordPress\/wp-json\/wp\/v2\/users\/5"}],"replies":[{"embeddable":true,"href":"http:\/\/rfk-nuernberg.de\/WordPress\/wp-json\/wp\/v2\/comments?post=1373"}],"version-history":[{"count":4,"href":"http:\/\/rfk-nuernberg.de\/WordPress\/wp-json\/wp\/v2\/posts\/1373\/revisions"}],"predecessor-version":[{"id":1380,"href":"http:\/\/rfk-nuernberg.de\/WordPress\/wp-json\/wp\/v2\/posts\/1373\/revisions\/1380"}],"wp:attachment":[{"href":"http:\/\/rfk-nuernberg.de\/WordPress\/wp-json\/wp\/v2\/media?parent=1373"}],"wp:term":[{"taxonomy":"category","embeddable":true,"href":"http:\/\/rfk-nuernberg.de\/WordPress\/wp-json\/wp\/v2\/categories?post=1373"},{"taxonomy":"post_tag","embeddable":true,"href":"http:\/\/rfk-nuernberg.de\/WordPress\/wp-json\/wp\/v2\/tags?post=1373"}],"curies":[{"name":"wp","href":"https:\/\/api.w.org\/{rel}","templated":true}]}}