{"id":1280,"date":"2016-11-25T16:35:08","date_gmt":"2016-11-25T15:35:08","guid":{"rendered":"http:\/\/rfk-nuernberg.de\/WordPress\/?p=1280"},"modified":"2016-11-25T19:44:05","modified_gmt":"2016-11-25T18:44:05","slug":"auf-in-den-lindengarten-oder-40-ist-die-neue-30","status":"publish","type":"post","link":"http:\/\/rfk-nuernberg.de\/WordPress\/2016\/11\/25\/auf-in-den-lindengarten-oder-40-ist-die-neue-30\/","title":{"rendered":"\u201eAuf in den Lindengarten!\u201c oder \u201e40 ist die neue 30!\u201c"},"content":{"rendered":"<p><strong>\u00a0<\/strong><strong>Wenn Tanja und Romy ihr Bergfest feiern, dann ist mal richtig fett Party angesagt. Gelernt ist schlie\u00dflich gelernt! Egal ob als Gastgeber, Einheizer, Partym\u00e4use, Stimmungsmacher, Gespr\u00e4chspartner &#8211; die beiden machten \u00fcberall\u00a0eine gute Figur und feierten mit ihren rund 70 G\u00e4sten bis nix mehr ging!<\/strong><\/p>\n<p>Auch wenn die Lokalit\u00e4t recht kurzfristig gewechselt werden musste und f\u00fcr den einen oder anderen die Anreise im Bus ein wenig beschwerlich war, die Party am 08.10.2016 durfte man nicht verpassen. Und so wundert es auch nicht, dass der RFK mit einer gro\u00dfen FUN-Fraktion am Start war. Unterst\u00fctzung beim \u201eTheken-Dienst\u201c erhielt sie erneut von den Kollegen aus Duisburg, die sich inzwischen als \u201eTeam Robert Hacker\u201c bundesweit einen Namen gemacht haben.<\/p>\n<p>Einziger Wermutstropfen war mal wieder das Zeitmanagement unseres Herrn Schefer. Zwar legte er sich m\u00e4chtig ins Zeug was die Geburtstagsrede anging, das Geburtstags-geschenk h\u00e4tte er aber um ein Haar verrissen. Ohne n\u00e4her auf Einzelheiten eingehen zu wollen, aber \u201eDiesmal war es echt knapp, Herr Pr\u00e4sident!\u201c<\/p>\n<p>Lokalit\u00e4t TOP, G\u00e4ste TOP, Essen TOP, Stimmung TOP \u2013 Partyherz, was willste mehr?<\/p>\n<p>Liebe Tanja, liebe Romy,<\/p>\n<p>vielen lieben Dank f\u00fcr einen unvergesslichen Abend. Ihr habt allen gezeigt, dass man mit 40 noch nicht zum alten Eisen geh\u00f6rt und noch richtig einen drauf machen kann.\u00a0Getreu dem Motto:<strong>\u00a0\u201e40 ist die neue 30!\u201c\u00a0<\/strong><\/p>\n<p>&nbsp;<\/p>\n<div id='gallery-1' class='gallery galleryid-1280 gallery-columns-4 gallery-size-thumbnail'><dl class='gallery-item'>\n\t\t\t<dt class='gallery-icon landscape'>\n\t\t\t\t<a href='http:\/\/rfk-nuernberg.de\/WordPress\/2016\/11\/25\/auf-in-den-lindengarten-oder-40-ist-die-neue-30\/twk_40-geburtstag_01\/'><img loading=\"lazy\" decoding=\"async\" width=\"150\" height=\"150\" src=\"http:\/\/rfk-nuernberg.de\/WordPress\/wp-content\/uploads\/2016\/11\/TWK_40.-Geburtstag_01-150x150.jpg\" class=\"attachment-thumbnail size-thumbnail\" alt=\"\" \/><\/a>\n\t\t\t<\/dt><\/dl><dl class='gallery-item'>\n\t\t\t<dt class='gallery-icon landscape'>\n\t\t\t\t<a href='http:\/\/rfk-nuernberg.de\/WordPress\/2016\/11\/25\/auf-in-den-lindengarten-oder-40-ist-die-neue-30\/twk_40-geburtstag_02\/'><img loading=\"lazy\" decoding=\"async\" width=\"150\" height=\"150\" src=\"http:\/\/rfk-nuernberg.de\/WordPress\/wp-content\/uploads\/2016\/11\/TWK_40.-Geburtstag_02-150x150.jpg\" class=\"attachment-thumbnail size-thumbnail\" alt=\"\" \/><\/a>\n\t\t\t<\/dt><\/dl><dl class='gallery-item'>\n\t\t\t<dt class='gallery-icon landscape'>\n\t\t\t\t<a href='http:\/\/rfk-nuernberg.de\/WordPress\/2016\/11\/25\/auf-in-den-lindengarten-oder-40-ist-die-neue-30\/twk_40-geburtstag_03\/'><img loading=\"lazy\" decoding=\"async\" width=\"150\" height=\"150\" src=\"http:\/\/rfk-nuernberg.de\/WordPress\/wp-content\/uploads\/2016\/11\/TWK_40.-Geburtstag_03-150x150.jpg\" class=\"attachment-thumbnail size-thumbnail\" alt=\"\" \/><\/a>\n\t\t\t<\/dt><\/dl><dl class='gallery-item'>\n\t\t\t<dt class='gallery-icon landscape'>\n\t\t\t\t<a href='http:\/\/rfk-nuernberg.de\/WordPress\/2016\/11\/25\/auf-in-den-lindengarten-oder-40-ist-die-neue-30\/twk_40-geburtstag_04\/'><img loading=\"lazy\" decoding=\"async\" width=\"150\" height=\"150\" src=\"http:\/\/rfk-nuernberg.de\/WordPress\/wp-content\/uploads\/2016\/11\/TWK_40.-Geburtstag_04-150x150.jpg\" class=\"attachment-thumbnail size-thumbnail\" alt=\"\" \/><\/a>\n\t\t\t<\/dt><\/dl><br style=\"clear: both\" \/><dl class='gallery-item'>\n\t\t\t<dt class='gallery-icon landscape'>\n\t\t\t\t<a href='http:\/\/rfk-nuernberg.de\/WordPress\/2016\/11\/25\/auf-in-den-lindengarten-oder-40-ist-die-neue-30\/twk_40-geburtstag_05\/'><img loading=\"lazy\" decoding=\"async\" width=\"150\" height=\"150\" src=\"http:\/\/rfk-nuernberg.de\/WordPress\/wp-content\/uploads\/2016\/11\/TWK_40.-Geburtstag_05-150x150.jpg\" class=\"attachment-thumbnail size-thumbnail\" alt=\"\" \/><\/a>\n\t\t\t<\/dt><\/dl><dl class='gallery-item'>\n\t\t\t<dt class='gallery-icon landscape'>\n\t\t\t\t<a href='http:\/\/rfk-nuernberg.de\/WordPress\/2016\/11\/25\/auf-in-den-lindengarten-oder-40-ist-die-neue-30\/twk_40-geburtstag_06\/'><img loading=\"lazy\" decoding=\"async\" width=\"150\" height=\"150\" src=\"http:\/\/rfk-nuernberg.de\/WordPress\/wp-content\/uploads\/2016\/11\/TWK_40.-Geburtstag_06-150x150.jpg\" class=\"attachment-thumbnail size-thumbnail\" alt=\"\" \/><\/a>\n\t\t\t<\/dt><\/dl><dl class='gallery-item'>\n\t\t\t<dt class='gallery-icon landscape'>\n\t\t\t\t<a href='http:\/\/rfk-nuernberg.de\/WordPress\/2016\/11\/25\/auf-in-den-lindengarten-oder-40-ist-die-neue-30\/twk_40-geburtstag_07\/'><img loading=\"lazy\" decoding=\"async\" width=\"150\" height=\"150\" src=\"http:\/\/rfk-nuernberg.de\/WordPress\/wp-content\/uploads\/2016\/11\/TWK_40.-Geburtstag_07-150x150.jpg\" class=\"attachment-thumbnail size-thumbnail\" alt=\"\" \/><\/a>\n\t\t\t<\/dt><\/dl><dl class='gallery-item'>\n\t\t\t<dt class='gallery-icon landscape'>\n\t\t\t\t<a href='http:\/\/rfk-nuernberg.de\/WordPress\/2016\/11\/25\/auf-in-den-lindengarten-oder-40-ist-die-neue-30\/twk_40-geburtstag_08\/'><img loading=\"lazy\" decoding=\"async\" width=\"150\" height=\"150\" src=\"http:\/\/rfk-nuernberg.de\/WordPress\/wp-content\/uploads\/2016\/11\/TWK_40.-Geburtstag_08-150x150.jpg\" class=\"attachment-thumbnail size-thumbnail\" alt=\"\" \/><\/a>\n\t\t\t<\/dt><\/dl><br style=\"clear: both\" \/><dl class='gallery-item'>\n\t\t\t<dt class='gallery-icon landscape'>\n\t\t\t\t<a href='http:\/\/rfk-nuernberg.de\/WordPress\/2016\/11\/25\/auf-in-den-lindengarten-oder-40-ist-die-neue-30\/twk_40-geburtstag_09\/'><img loading=\"lazy\" decoding=\"async\" width=\"150\" height=\"150\" src=\"http:\/\/rfk-nuernberg.de\/WordPress\/wp-content\/uploads\/2016\/11\/TWK_40.-Geburtstag_09-150x150.jpg\" class=\"attachment-thumbnail size-thumbnail\" alt=\"\" \/><\/a>\n\t\t\t<\/dt><\/dl><dl class='gallery-item'>\n\t\t\t<dt class='gallery-icon landscape'>\n\t\t\t\t<a href='http:\/\/rfk-nuernberg.de\/WordPress\/2016\/11\/25\/auf-in-den-lindengarten-oder-40-ist-die-neue-30\/twk_40-geburtstag_10\/'><img loading=\"lazy\" decoding=\"async\" width=\"150\" height=\"150\" src=\"http:\/\/rfk-nuernberg.de\/WordPress\/wp-content\/uploads\/2016\/11\/TWK_40.-Geburtstag_10-150x150.jpg\" class=\"attachment-thumbnail size-thumbnail\" alt=\"\" \/><\/a>\n\t\t\t<\/dt><\/dl><dl class='gallery-item'>\n\t\t\t<dt class='gallery-icon landscape'>\n\t\t\t\t<a href='http:\/\/rfk-nuernberg.de\/WordPress\/2016\/11\/25\/auf-in-den-lindengarten-oder-40-ist-die-neue-30\/twk_40-geburtstag_11\/'><img loading=\"lazy\" decoding=\"async\" width=\"150\" height=\"150\" src=\"http:\/\/rfk-nuernberg.de\/WordPress\/wp-content\/uploads\/2016\/11\/TWK_40.-Geburtstag_11-150x150.jpg\" class=\"attachment-thumbnail size-thumbnail\" alt=\"\" \/><\/a>\n\t\t\t<\/dt><\/dl><dl class='gallery-item'>\n\t\t\t<dt class='gallery-icon landscape'>\n\t\t\t\t<a href='http:\/\/rfk-nuernberg.de\/WordPress\/2016\/11\/25\/auf-in-den-lindengarten-oder-40-ist-die-neue-30\/twk_40-geburtstag_12\/'><img loading=\"lazy\" decoding=\"async\" width=\"150\" height=\"150\" src=\"http:\/\/rfk-nuernberg.de\/WordPress\/wp-content\/uploads\/2016\/11\/TWK_40.-Geburtstag_12-150x150.jpg\" class=\"attachment-thumbnail size-thumbnail\" alt=\"\" \/><\/a>\n\t\t\t<\/dt><\/dl><br style=\"clear: both\" \/><dl class='gallery-item'>\n\t\t\t<dt class='gallery-icon landscape'>\n\t\t\t\t<a href='http:\/\/rfk-nuernberg.de\/WordPress\/2016\/11\/25\/auf-in-den-lindengarten-oder-40-ist-die-neue-30\/twk_40-geburtstag_13\/'><img loading=\"lazy\" decoding=\"async\" width=\"150\" height=\"150\" src=\"http:\/\/rfk-nuernberg.de\/WordPress\/wp-content\/uploads\/2016\/11\/TWK_40.-Geburtstag_13-150x150.jpg\" class=\"attachment-thumbnail size-thumbnail\" alt=\"\" \/><\/a>\n\t\t\t<\/dt><\/dl><dl class='gallery-item'>\n\t\t\t<dt class='gallery-icon landscape'>\n\t\t\t\t<a href='http:\/\/rfk-nuernberg.de\/WordPress\/2016\/11\/25\/auf-in-den-lindengarten-oder-40-ist-die-neue-30\/twk_40-geburtstag_14\/'><img loading=\"lazy\" decoding=\"async\" width=\"150\" height=\"150\" src=\"http:\/\/rfk-nuernberg.de\/WordPress\/wp-content\/uploads\/2016\/11\/TWK_40.-Geburtstag_14-150x150.jpg\" class=\"attachment-thumbnail size-thumbnail\" alt=\"\" \/><\/a>\n\t\t\t<\/dt><\/dl><dl class='gallery-item'>\n\t\t\t<dt class='gallery-icon landscape'>\n\t\t\t\t<a href='http:\/\/rfk-nuernberg.de\/WordPress\/2016\/11\/25\/auf-in-den-lindengarten-oder-40-ist-die-neue-30\/twk_40-geburtstag_15\/'><img loading=\"lazy\" decoding=\"async\" width=\"150\" height=\"150\" src=\"http:\/\/rfk-nuernberg.de\/WordPress\/wp-content\/uploads\/2016\/11\/TWK_40.-Geburtstag_15-150x150.jpg\" class=\"attachment-thumbnail size-thumbnail\" alt=\"\" \/><\/a>\n\t\t\t<\/dt><\/dl><dl class='gallery-item'>\n\t\t\t<dt class='gallery-icon landscape'>\n\t\t\t\t<a href='http:\/\/rfk-nuernberg.de\/WordPress\/2016\/11\/25\/auf-in-den-lindengarten-oder-40-ist-die-neue-30\/twk_40-geburtstag_16\/'><img loading=\"lazy\" decoding=\"async\" width=\"150\" height=\"150\" src=\"http:\/\/rfk-nuernberg.de\/WordPress\/wp-content\/uploads\/2016\/11\/TWK_40.-Geburtstag_16-150x150.jpg\" class=\"attachment-thumbnail size-thumbnail\" alt=\"\" \/><\/a>\n\t\t\t<\/dt><\/dl><br style=\"clear: both\" \/><dl class='gallery-item'>\n\t\t\t<dt class='gallery-icon landscape'>\n\t\t\t\t<a href='http:\/\/rfk-nuernberg.de\/WordPress\/2016\/11\/25\/auf-in-den-lindengarten-oder-40-ist-die-neue-30\/twk_40-geburtstag_17\/'><img loading=\"lazy\" decoding=\"async\" width=\"150\" height=\"150\" src=\"http:\/\/rfk-nuernberg.de\/WordPress\/wp-content\/uploads\/2016\/11\/TWK_40.-Geburtstag_17-150x150.jpg\" class=\"attachment-thumbnail size-thumbnail\" alt=\"\" \/><\/a>\n\t\t\t<\/dt><\/dl><dl class='gallery-item'>\n\t\t\t<dt class='gallery-icon landscape'>\n\t\t\t\t<a href='http:\/\/rfk-nuernberg.de\/WordPress\/2016\/11\/25\/auf-in-den-lindengarten-oder-40-ist-die-neue-30\/twk_40-geburtstag_18\/'><img loading=\"lazy\" decoding=\"async\" width=\"150\" height=\"150\" src=\"http:\/\/rfk-nuernberg.de\/WordPress\/wp-content\/uploads\/2016\/11\/TWK_40.-Geburtstag_18-150x150.jpg\" class=\"attachment-thumbnail size-thumbnail\" alt=\"\" \/><\/a>\n\t\t\t<\/dt><\/dl><dl class='gallery-item'>\n\t\t\t<dt class='gallery-icon landscape'>\n\t\t\t\t<a href='http:\/\/rfk-nuernberg.de\/WordPress\/2016\/11\/25\/auf-in-den-lindengarten-oder-40-ist-die-neue-30\/twk_40-geburtstag_19\/'><img loading=\"lazy\" decoding=\"async\" width=\"150\" height=\"150\" src=\"http:\/\/rfk-nuernberg.de\/WordPress\/wp-content\/uploads\/2016\/11\/TWK_40.-Geburtstag_19-150x150.jpg\" class=\"attachment-thumbnail size-thumbnail\" alt=\"\" \/><\/a>\n\t\t\t<\/dt><\/dl><dl class='gallery-item'>\n\t\t\t<dt class='gallery-icon landscape'>\n\t\t\t\t<a href='http:\/\/rfk-nuernberg.de\/WordPress\/2016\/11\/25\/auf-in-den-lindengarten-oder-40-ist-die-neue-30\/twk_40-geburtstag_21\/'><img loading=\"lazy\" decoding=\"async\" width=\"150\" height=\"150\" src=\"http:\/\/rfk-nuernberg.de\/WordPress\/wp-content\/uploads\/2016\/11\/TWK_40.-Geburtstag_21-150x150.jpg\" class=\"attachment-thumbnail size-thumbnail\" alt=\"\" \/><\/a>\n\t\t\t<\/dt><\/dl><br style=\"clear: both\" \/><dl class='gallery-item'>\n\t\t\t<dt class='gallery-icon landscape'>\n\t\t\t\t<a href='http:\/\/rfk-nuernberg.de\/WordPress\/2016\/11\/25\/auf-in-den-lindengarten-oder-40-ist-die-neue-30\/twk_40-geburtstag_22\/'><img loading=\"lazy\" decoding=\"async\" width=\"150\" height=\"150\" src=\"http:\/\/rfk-nuernberg.de\/WordPress\/wp-content\/uploads\/2016\/11\/TWK_40.-Geburtstag_22-150x150.jpg\" class=\"attachment-thumbnail size-thumbnail\" alt=\"\" \/><\/a>\n\t\t\t<\/dt><\/dl><dl class='gallery-item'>\n\t\t\t<dt class='gallery-icon portrait'>\n\t\t\t\t<a href='http:\/\/rfk-nuernberg.de\/WordPress\/2016\/11\/25\/auf-in-den-lindengarten-oder-40-ist-die-neue-30\/twk_40-geburtstag_23\/'><img loading=\"lazy\" decoding=\"async\" width=\"150\" height=\"150\" src=\"http:\/\/rfk-nuernberg.de\/WordPress\/wp-content\/uploads\/2016\/11\/TWK_40.-Geburtstag_23-150x150.jpg\" class=\"attachment-thumbnail size-thumbnail\" alt=\"\" \/><\/a>\n\t\t\t<\/dt><\/dl><dl class='gallery-item'>\n\t\t\t<dt class='gallery-icon landscape'>\n\t\t\t\t<a href='http:\/\/rfk-nuernberg.de\/WordPress\/2016\/11\/25\/auf-in-den-lindengarten-oder-40-ist-die-neue-30\/twk_40-geburtstag_24\/'><img loading=\"lazy\" decoding=\"async\" width=\"150\" height=\"150\" src=\"http:\/\/rfk-nuernberg.de\/WordPress\/wp-content\/uploads\/2016\/11\/TWK_40.-Geburtstag_24-150x150.jpg\" class=\"attachment-thumbnail size-thumbnail\" alt=\"\" \/><\/a>\n\t\t\t<\/dt><\/dl><dl class='gallery-item'>\n\t\t\t<dt class='gallery-icon landscape'>\n\t\t\t\t<a href='http:\/\/rfk-nuernberg.de\/WordPress\/2016\/11\/25\/auf-in-den-lindengarten-oder-40-ist-die-neue-30\/twk_40-geburtstag_25\/'><img loading=\"lazy\" decoding=\"async\" width=\"150\" height=\"150\" src=\"http:\/\/rfk-nuernberg.de\/WordPress\/wp-content\/uploads\/2016\/11\/TWK_40.-Geburtstag_25-150x150.jpg\" class=\"attachment-thumbnail size-thumbnail\" alt=\"\" \/><\/a>\n\t\t\t<\/dt><\/dl><br style=\"clear: both\" \/>\n\t\t<\/div>\n\n","protected":false},"excerpt":{"rendered":"<p>\u00a0Wenn Tanja und Romy ihr Bergfest feiern, dann ist mal richtig fett Party angesagt. Gelernt ist schlie\u00dflich gelernt! Egal ob als Gastgeber, Einheizer, Partym\u00e4use, Stimmungsmacher, Gespr\u00e4chspartner &#8211; die beiden machten \u00fcberall\u00a0eine gute Figur und feierten mit ihren rund 70 G\u00e4sten &hellip; <a href=\"http:\/\/rfk-nuernberg.de\/WordPress\/2016\/11\/25\/auf-in-den-lindengarten-oder-40-ist-die-neue-30\/\">Weiterlesen <span class=\"meta-nav\">&rarr;<\/span><\/a><\/p>\n","protected":false},"author":8,"featured_media":0,"comment_status":"open","ping_status":"open","sticky":false,"template":"","format":"gallery","meta":{"footnotes":""},"categories":[31,27],"tags":[103,102,36,42,107,20,29,106,101,105,104],"class_list":["post-1280","post","type-post","status-publish","format-gallery","hentry","category-allgemein","category-fun-event","tag-103","tag-bergfest","tag-geburtstag","tag-ilse","tag-lindengarten","tag-munchen","tag-party","tag-romy","tag-tanja","tag-team-robert-hacker","tag-theken-dienst","post_format-post-format-gallery"],"_links":{"self":[{"href":"http:\/\/rfk-nuernberg.de\/WordPress\/wp-json\/wp\/v2\/posts\/1280","targetHints":{"allow":["GET"]}}],"collection":[{"href":"http:\/\/rfk-nuernberg.de\/WordPress\/wp-json\/wp\/v2\/posts"}],"about":[{"href":"http:\/\/rfk-nuernberg.de\/WordPress\/wp-json\/wp\/v2\/types\/post"}],"author":[{"embeddable":true,"href":"http:\/\/rfk-nuernberg.de\/WordPress\/wp-json\/wp\/v2\/users\/8"}],"replies":[{"embeddable":true,"href":"http:\/\/rfk-nuernberg.de\/WordPress\/wp-json\/wp\/v2\/comments?post=1280"}],"version-history":[{"count":7,"href":"http:\/\/rfk-nuernberg.de\/WordPress\/wp-json\/wp\/v2\/posts\/1280\/revisions"}],"predecessor-version":[{"id":1336,"href":"http:\/\/rfk-nuernberg.de\/WordPress\/wp-json\/wp\/v2\/posts\/1280\/revisions\/1336"}],"wp:attachment":[{"href":"http:\/\/rfk-nuernberg.de\/WordPress\/wp-json\/wp\/v2\/media?parent=1280"}],"wp:term":[{"taxonomy":"category","embeddable":true,"href":"http:\/\/rfk-nuernberg.de\/WordPress\/wp-json\/wp\/v2\/categories?post=1280"},{"taxonomy":"post_tag","embeddable":true,"href":"http:\/\/rfk-nuernberg.de\/WordPress\/wp-json\/wp\/v2\/tags?post=1280"}],"curies":[{"name":"wp","href":"https:\/\/api.w.org\/{rel}","templated":true}]}}