{"id":1250,"date":"2016-11-18T16:39:23","date_gmt":"2016-11-18T15:39:23","guid":{"rendered":"http:\/\/rfk-nuernberg.de\/WordPress\/?p=1250"},"modified":"2016-11-18T22:00:45","modified_gmt":"2016-11-18T21:00:45","slug":"challenge-roth-2016-jan-frodeno-pulverisiert-den-weltrekord-der-rfk-schlaegt-sich-achtbar","status":"publish","type":"post","link":"http:\/\/rfk-nuernberg.de\/WordPress\/2016\/11\/18\/challenge-roth-2016-jan-frodeno-pulverisiert-den-weltrekord-der-rfk-schlaegt-sich-achtbar\/","title":{"rendered":"Challenge Roth 2016: Jan Frodeno pulverisiert den Weltrekord, der RFK schl\u00e4gt sich tapfer"},"content":{"rendered":"<p><strong>Angek\u00fcndigt war es als das \u201eRennen des Jahres\u201c und am Ende wurde es das auch. Ironman-Weltmeister und Olympia-Sieger Jan Frodeno ging in Roth an den Start\u00a0um Andreas Raelert den 5 Jahre alten Weltrekord zu entrei\u00dfen, \u00a0 die RFK-Staffel mit Aitsch, Schefer und Sch\u00f6ppic wollte an gleicher Stelle ihr Vorjahresdebakel ausmerzen. Verwirklicht\u00a0haben am Ende beide ihre Ziele.<\/strong><\/p>\n<p>W\u00e4hrend der BR\u00a0die \u00fcberragende Leistung des deutschen Ausnahme-Athleten wie folgt zusammenfasste: <em>\u201eDer 34-j\u00e4hrige Frodeno hatte im Vorfeld angek\u00fcndigt, in Roth eine neue Weltbestleistung aufstellen zu wollen. Die alte Marke des Rostockers Andreas Raelert lag bei 7:41,33 Stunden. Sie wurde vor f\u00fcnf Jahren ebenfalls in Roth aufgestellt. Am Ende der 2016er-Challenge-Auflage schauten die Fans im Zielstadion fast ungl\u00e4ubig auf die Anzeigetafel. 7:35,39 Stunden ben\u00f6tigte Frodeno, der sich den Roth-Rekord schnappte.\u201c<\/em>, mochte keiner so recht \u00fcber die Leistung des RFK-New York Marathon-Teams von 2014 berichten.<\/p>\n<p>Und dabei hatten alle Ihr Bestes gegeben und mit rund 12 Stunden ein durchaus vorzeigbares Ergebnis auf den 3,8 km Schwimmen, 180 km Radfahren und dem abschlie\u00dfenden Marathon erzielt.<\/p>\n<p><u>Aber der Reihe nach:<\/u><\/p>\n<p>Nachdem im letzten Jahr Schefer und Sch\u00f6ppic krankheitsbedingt absagen mussten, ging Aitsch mit zwei G\u00e4ste-Startern ins Rennen. Hanna Gundel legte auf den ersten 3,8 km eine 01:36 (Stunden) vor, der Philipp Bode auf dem Rad eine unglaubliche 05:25 (Stunden) folgen lie\u00df. F\u00fcr den abschlie\u00dfenden Marathon brauchte Aitsch nur 03:12 Stunden und sicherte damit der RFK-Staffel einen beachtlichen 136. Gesamtplatz mit einer Zeit, die selbst langj\u00e4hrige Triathlon-Kenner dem Team nicht zugetraut h\u00e4tten (10:17:50 Stunden).<\/p>\n<p>In diesem Jahr wurde neu \u201egew\u00fcrfelt\u201c und so sah sich Aitsch zum ersten Mal mit einem Schwimmen au\u00dferhalb des N\u00fcrnberger Nordostbades konfrontiert. \u00a0 \u00a0 \u00a0 \u00a0 \u00a0 \u00a0 \u00a0 \u00a0 \u00a0 \u00a0 \u00a0 \u00a0 \u00a0 \u00a0 \u00a0 <em>Neopren-Anzug<\/em>? Fehlanzeige! Aber unser Sportwart w\u00e4re nicht unser Sportwart, h\u00e4tte er nicht daf\u00fcr eine L\u00f6sung parat: Kondition auf der Stra\u00dfe bolzen, Gummi-Anzug ausleihen, tags zuvor mal alles ausprobieren und sich dann morgens um 09.00 Uhr in die Fluten des Main-Donau-Kanals werfen \u2013 alles kein Problem! Und die Zeit? Die war mit einer 01:21 (Stunden) fast schon sensationell!<\/p>\n<p>Nicht minder unvorbereitet ging der Schefer an den Start der 180 Rad-Kilometer. Zwei Runden \u00e1 90 km galt es durch den mittelfr\u00e4nkischen Landkreis Roth zu radeln, dabei mehr als 1.300 HM zu \u00fcberwinden und zweimal den gef\u00fcrchteten Solarer Berg zu bew\u00e4ltigen. Eingeschr\u00e4nkt durch eine langwierige Virus-Infektion konnte der Schefer im Vorfeld des Rennens nicht das Trainingspensum absolvieren, das es f\u00fcr eine Top-Zeit gebraucht h\u00e4tte. Die 06:46 Stunden waren dann aber mehr als zufriedenstellend f\u00fcr alle Beteiligten.<\/p>\n<p>Rausrei\u00dfen musste es am Ende der Sch\u00f6ppic, der die 42,195 km des Marathons in starken 03:49 Stunden und damit in pers\u00f6nlicher Rekordzeit abspulte. Kurz vor dem Challenge-Stadion nahmen die anderen beiden Staffel-Kollegen den sichtlich ersch\u00f6pften Schlu\u00df-l\u00e4ufer in ihre Mitte und w\u00e4re da nicht noch des Schefers Wunsch nach einem perfekten Zielfoto gewesen, die Jungs w\u00e4ren unter der magischen 12-Stunden-Marke geblieben. \u00a0 \u00a0 So wurden es schlussendlich\u00a012:00:16 Stunden und ein 538. Platz in der Gesamtwertung.<\/p>\n<p>Ja, am Ende bleibt die Erkenntnis, dass Jan Frodeno ein \u00dcbermensch ist und die drei Jungs noch einmal in Roth an die Startlinie m\u00fcssen \u2013 nur, da ist nun Micha gefordert alles wieder einzuf\u00e4deln.<\/p>\n<p><strong>Challenge Roth \u2013 das ist das \u201eRennen des Jahres\u201c! <\/strong>Und der RFK kommt gerne wieder zu diesem unglaublichen Event mit dieser \u00fcberragenden Stimmung und diesem unvergleichlichen Charme.<\/p>\n<p>&nbsp;<\/p>\n<div id='gallery-1' class='gallery galleryid-1250 gallery-columns-4 gallery-size-thumbnail'><dl class='gallery-item'>\n\t\t\t<dt class='gallery-icon portrait'>\n\t\t\t\t<a href='http:\/\/rfk-nuernberg.de\/WordPress\/2016\/11\/18\/challenge-roth-2016-jan-frodeno-pulverisiert-den-weltrekord-der-rfk-schlaegt-sich-achtbar\/dcr-2016_rfk_001\/'><img loading=\"lazy\" decoding=\"async\" width=\"150\" height=\"150\" src=\"http:\/\/rfk-nuernberg.de\/WordPress\/wp-content\/uploads\/2016\/11\/DCR-2016_RFK_001-150x150.jpg\" class=\"attachment-thumbnail size-thumbnail\" alt=\"\" \/><\/a>\n\t\t\t<\/dt><\/dl><dl class='gallery-item'>\n\t\t\t<dt class='gallery-icon landscape'>\n\t\t\t\t<a href='http:\/\/rfk-nuernberg.de\/WordPress\/2016\/11\/18\/challenge-roth-2016-jan-frodeno-pulverisiert-den-weltrekord-der-rfk-schlaegt-sich-achtbar\/dcr-2016_rfk_002\/'><img loading=\"lazy\" decoding=\"async\" width=\"150\" height=\"150\" src=\"http:\/\/rfk-nuernberg.de\/WordPress\/wp-content\/uploads\/2016\/11\/DCR-2016_RFK_002-150x150.jpg\" class=\"attachment-thumbnail size-thumbnail\" alt=\"\" \/><\/a>\n\t\t\t<\/dt><\/dl><dl class='gallery-item'>\n\t\t\t<dt class='gallery-icon landscape'>\n\t\t\t\t<a href='http:\/\/rfk-nuernberg.de\/WordPress\/2016\/11\/18\/challenge-roth-2016-jan-frodeno-pulverisiert-den-weltrekord-der-rfk-schlaegt-sich-achtbar\/dcr-2016_rfk_003\/'><img loading=\"lazy\" decoding=\"async\" width=\"150\" height=\"150\" src=\"http:\/\/rfk-nuernberg.de\/WordPress\/wp-content\/uploads\/2016\/11\/DCR-2016_RFK_003-150x150.jpg\" class=\"attachment-thumbnail size-thumbnail\" alt=\"\" \/><\/a>\n\t\t\t<\/dt><\/dl><dl class='gallery-item'>\n\t\t\t<dt class='gallery-icon landscape'>\n\t\t\t\t<a href='http:\/\/rfk-nuernberg.de\/WordPress\/2016\/11\/18\/challenge-roth-2016-jan-frodeno-pulverisiert-den-weltrekord-der-rfk-schlaegt-sich-achtbar\/dcr-2016_rfk_004\/'><img loading=\"lazy\" decoding=\"async\" width=\"150\" height=\"150\" src=\"http:\/\/rfk-nuernberg.de\/WordPress\/wp-content\/uploads\/2016\/11\/DCR-2016_RFK_004-150x150.jpg\" class=\"attachment-thumbnail size-thumbnail\" alt=\"\" \/><\/a>\n\t\t\t<\/dt><\/dl><br style=\"clear: both\" \/><dl class='gallery-item'>\n\t\t\t<dt class='gallery-icon landscape'>\n\t\t\t\t<a href='http:\/\/rfk-nuernberg.de\/WordPress\/2016\/11\/18\/challenge-roth-2016-jan-frodeno-pulverisiert-den-weltrekord-der-rfk-schlaegt-sich-achtbar\/dcr-2016_rfk_005\/'><img loading=\"lazy\" decoding=\"async\" width=\"150\" height=\"150\" src=\"http:\/\/rfk-nuernberg.de\/WordPress\/wp-content\/uploads\/2016\/11\/DCR-2016_RFK_005-150x150.jpg\" class=\"attachment-thumbnail size-thumbnail\" alt=\"\" \/><\/a>\n\t\t\t<\/dt><\/dl><dl class='gallery-item'>\n\t\t\t<dt class='gallery-icon landscape'>\n\t\t\t\t<a href='http:\/\/rfk-nuernberg.de\/WordPress\/2016\/11\/18\/challenge-roth-2016-jan-frodeno-pulverisiert-den-weltrekord-der-rfk-schlaegt-sich-achtbar\/dcr-2016_rfk_006\/'><img loading=\"lazy\" decoding=\"async\" width=\"150\" height=\"150\" src=\"http:\/\/rfk-nuernberg.de\/WordPress\/wp-content\/uploads\/2016\/11\/DCR-2016_RFK_006-150x150.jpg\" class=\"attachment-thumbnail size-thumbnail\" alt=\"\" \/><\/a>\n\t\t\t<\/dt><\/dl><dl class='gallery-item'>\n\t\t\t<dt class='gallery-icon landscape'>\n\t\t\t\t<a href='http:\/\/rfk-nuernberg.de\/WordPress\/2016\/11\/18\/challenge-roth-2016-jan-frodeno-pulverisiert-den-weltrekord-der-rfk-schlaegt-sich-achtbar\/dcr-2016_rfk_007\/'><img loading=\"lazy\" decoding=\"async\" width=\"150\" height=\"150\" src=\"http:\/\/rfk-nuernberg.de\/WordPress\/wp-content\/uploads\/2016\/11\/DCR-2016_RFK_007-150x150.jpg\" class=\"attachment-thumbnail size-thumbnail\" alt=\"\" \/><\/a>\n\t\t\t<\/dt><\/dl><dl class='gallery-item'>\n\t\t\t<dt class='gallery-icon landscape'>\n\t\t\t\t<a href='http:\/\/rfk-nuernberg.de\/WordPress\/2016\/11\/18\/challenge-roth-2016-jan-frodeno-pulverisiert-den-weltrekord-der-rfk-schlaegt-sich-achtbar\/dcr-2016_rfk_008\/'><img loading=\"lazy\" decoding=\"async\" width=\"150\" height=\"150\" src=\"http:\/\/rfk-nuernberg.de\/WordPress\/wp-content\/uploads\/2016\/11\/DCR-2016_RFK_008-150x150.jpg\" class=\"attachment-thumbnail size-thumbnail\" alt=\"\" \/><\/a>\n\t\t\t<\/dt><\/dl><br style=\"clear: both\" \/><dl class='gallery-item'>\n\t\t\t<dt class='gallery-icon portrait'>\n\t\t\t\t<a href='http:\/\/rfk-nuernberg.de\/WordPress\/2016\/11\/18\/challenge-roth-2016-jan-frodeno-pulverisiert-den-weltrekord-der-rfk-schlaegt-sich-achtbar\/dcr-2016_rfk_009\/'><img loading=\"lazy\" decoding=\"async\" width=\"150\" height=\"150\" src=\"http:\/\/rfk-nuernberg.de\/WordPress\/wp-content\/uploads\/2016\/11\/DCR-2016_RFK_009-150x150.jpg\" class=\"attachment-thumbnail size-thumbnail\" alt=\"\" \/><\/a>\n\t\t\t<\/dt><\/dl><dl class='gallery-item'>\n\t\t\t<dt class='gallery-icon portrait'>\n\t\t\t\t<a href='http:\/\/rfk-nuernberg.de\/WordPress\/2016\/11\/18\/challenge-roth-2016-jan-frodeno-pulverisiert-den-weltrekord-der-rfk-schlaegt-sich-achtbar\/dcr-2016_rfk_010\/'><img loading=\"lazy\" decoding=\"async\" width=\"150\" height=\"150\" src=\"http:\/\/rfk-nuernberg.de\/WordPress\/wp-content\/uploads\/2016\/11\/DCR-2016_RFK_010-150x150.jpg\" class=\"attachment-thumbnail size-thumbnail\" alt=\"\" \/><\/a>\n\t\t\t<\/dt><\/dl><dl class='gallery-item'>\n\t\t\t<dt class='gallery-icon landscape'>\n\t\t\t\t<a href='http:\/\/rfk-nuernberg.de\/WordPress\/2016\/11\/18\/challenge-roth-2016-jan-frodeno-pulverisiert-den-weltrekord-der-rfk-schlaegt-sich-achtbar\/dcr-2016_rfk_011\/'><img loading=\"lazy\" decoding=\"async\" width=\"150\" height=\"150\" src=\"http:\/\/rfk-nuernberg.de\/WordPress\/wp-content\/uploads\/2016\/11\/DCR-2016_RFK_011-150x150.jpg\" class=\"attachment-thumbnail size-thumbnail\" alt=\"\" \/><\/a>\n\t\t\t<\/dt><\/dl><dl class='gallery-item'>\n\t\t\t<dt class='gallery-icon landscape'>\n\t\t\t\t<a href='http:\/\/rfk-nuernberg.de\/WordPress\/2016\/11\/18\/challenge-roth-2016-jan-frodeno-pulverisiert-den-weltrekord-der-rfk-schlaegt-sich-achtbar\/dcr-2016_rfk_012\/'><img loading=\"lazy\" decoding=\"async\" width=\"150\" height=\"150\" src=\"http:\/\/rfk-nuernberg.de\/WordPress\/wp-content\/uploads\/2016\/11\/DCR-2016_RFK_012-150x150.jpg\" class=\"attachment-thumbnail size-thumbnail\" alt=\"\" \/><\/a>\n\t\t\t<\/dt><\/dl><br style=\"clear: both\" \/><dl class='gallery-item'>\n\t\t\t<dt class='gallery-icon landscape'>\n\t\t\t\t<a href='http:\/\/rfk-nuernberg.de\/WordPress\/2016\/11\/18\/challenge-roth-2016-jan-frodeno-pulverisiert-den-weltrekord-der-rfk-schlaegt-sich-achtbar\/dcr-2016_rfk_013\/'><img loading=\"lazy\" decoding=\"async\" width=\"150\" height=\"150\" src=\"http:\/\/rfk-nuernberg.de\/WordPress\/wp-content\/uploads\/2016\/11\/DCR-2016_RFK_013-150x150.jpg\" class=\"attachment-thumbnail size-thumbnail\" alt=\"\" \/><\/a>\n\t\t\t<\/dt><\/dl><dl class='gallery-item'>\n\t\t\t<dt class='gallery-icon portrait'>\n\t\t\t\t<a href='http:\/\/rfk-nuernberg.de\/WordPress\/2016\/11\/18\/challenge-roth-2016-jan-frodeno-pulverisiert-den-weltrekord-der-rfk-schlaegt-sich-achtbar\/dcr-2016_rfk_014\/'><img loading=\"lazy\" decoding=\"async\" width=\"150\" height=\"150\" src=\"http:\/\/rfk-nuernberg.de\/WordPress\/wp-content\/uploads\/2016\/11\/DCR-2016_RFK_014-150x150.jpg\" class=\"attachment-thumbnail size-thumbnail\" alt=\"\" \/><\/a>\n\t\t\t<\/dt><\/dl><dl class='gallery-item'>\n\t\t\t<dt class='gallery-icon landscape'>\n\t\t\t\t<a href='http:\/\/rfk-nuernberg.de\/WordPress\/2016\/11\/18\/challenge-roth-2016-jan-frodeno-pulverisiert-den-weltrekord-der-rfk-schlaegt-sich-achtbar\/dcr-2016_rfk_015\/'><img loading=\"lazy\" decoding=\"async\" width=\"150\" height=\"150\" src=\"http:\/\/rfk-nuernberg.de\/WordPress\/wp-content\/uploads\/2016\/11\/DCR-2016_RFK_015-150x150.jpg\" class=\"attachment-thumbnail size-thumbnail\" alt=\"\" \/><\/a>\n\t\t\t<\/dt><\/dl><dl class='gallery-item'>\n\t\t\t<dt class='gallery-icon landscape'>\n\t\t\t\t<a href='http:\/\/rfk-nuernberg.de\/WordPress\/2016\/11\/18\/challenge-roth-2016-jan-frodeno-pulverisiert-den-weltrekord-der-rfk-schlaegt-sich-achtbar\/dcr-2016_rfk_016\/'><img loading=\"lazy\" decoding=\"async\" width=\"150\" height=\"150\" src=\"http:\/\/rfk-nuernberg.de\/WordPress\/wp-content\/uploads\/2016\/11\/DCR-2016_RFK_016-150x150.jpg\" class=\"attachment-thumbnail size-thumbnail\" alt=\"\" \/><\/a>\n\t\t\t<\/dt><\/dl><br style=\"clear: both\" \/>\n\t\t<\/div>\n\n","protected":false},"excerpt":{"rendered":"<p>Angek\u00fcndigt war es als das \u201eRennen des Jahres\u201c und am Ende wurde es das auch. Ironman-Weltmeister und Olympia-Sieger Jan Frodeno ging in Roth an den Start\u00a0um Andreas Raelert den 5 Jahre alten Weltrekord zu entrei\u00dfen, \u00a0 die RFK-Staffel mit Aitsch, &hellip; <a href=\"http:\/\/rfk-nuernberg.de\/WordPress\/2016\/11\/18\/challenge-roth-2016-jan-frodeno-pulverisiert-den-weltrekord-der-rfk-schlaegt-sich-achtbar\/\">Weiterlesen <span class=\"meta-nav\">&rarr;<\/span><\/a><\/p>\n","protected":false},"author":8,"featured_media":0,"comment_status":"open","ping_status":"open","sticky":false,"template":"","format":"gallery","meta":{"footnotes":""},"categories":[31,14],"tags":[98,49,99,95,100,97,48,47,96,35],"class_list":["post-1250","post","type-post","status-publish","format-gallery","hentry","category-allgemein","category-run-event","tag-98","tag-aitsch","tag-alles-fuer-den-klub","tag-challenge","tag-langdistanz","tag-roth","tag-schefer","tag-schoppic","tag-staffel","tag-triathlon","post_format-post-format-gallery"],"_links":{"self":[{"href":"http:\/\/rfk-nuernberg.de\/WordPress\/wp-json\/wp\/v2\/posts\/1250","targetHints":{"allow":["GET"]}}],"collection":[{"href":"http:\/\/rfk-nuernberg.de\/WordPress\/wp-json\/wp\/v2\/posts"}],"about":[{"href":"http:\/\/rfk-nuernberg.de\/WordPress\/wp-json\/wp\/v2\/types\/post"}],"author":[{"embeddable":true,"href":"http:\/\/rfk-nuernberg.de\/WordPress\/wp-json\/wp\/v2\/users\/8"}],"replies":[{"embeddable":true,"href":"http:\/\/rfk-nuernberg.de\/WordPress\/wp-json\/wp\/v2\/comments?post=1250"}],"version-history":[{"count":13,"href":"http:\/\/rfk-nuernberg.de\/WordPress\/wp-json\/wp\/v2\/posts\/1250\/revisions"}],"predecessor-version":[{"id":1279,"href":"http:\/\/rfk-nuernberg.de\/WordPress\/wp-json\/wp\/v2\/posts\/1250\/revisions\/1279"}],"wp:attachment":[{"href":"http:\/\/rfk-nuernberg.de\/WordPress\/wp-json\/wp\/v2\/media?parent=1250"}],"wp:term":[{"taxonomy":"category","embeddable":true,"href":"http:\/\/rfk-nuernberg.de\/WordPress\/wp-json\/wp\/v2\/categories?post=1250"},{"taxonomy":"post_tag","embeddable":true,"href":"http:\/\/rfk-nuernberg.de\/WordPress\/wp-json\/wp\/v2\/tags?post=1250"}],"curies":[{"name":"wp","href":"https:\/\/api.w.org\/{rel}","templated":true}]}}