{"id":1241,"date":"2015-12-03T23:42:29","date_gmt":"2015-12-03T22:42:29","guid":{"rendered":"http:\/\/rfk-nuernberg.de\/WordPress\/?p=1241"},"modified":"2023-01-13T19:48:33","modified_gmt":"2023-01-13T18:48:33","slug":"der-rfk-zeigt-flagge-in-suedamerika-schmittie-schreibt-geschichte-in-jeder-hinsicht","status":"publish","type":"post","link":"http:\/\/rfk-nuernberg.de\/WordPress\/2015\/12\/03\/der-rfk-zeigt-flagge-in-suedamerika-schmittie-schreibt-geschichte-in-jeder-hinsicht\/","title":{"rendered":"Der RFK zeigt Flagge in S\u00fcdamerika: Schmittie schreibt Geschichte &#8211; in jeder Hinsicht!"},"content":{"rendered":"<p><strong>RFK goes Brasil! Dieses Jahr gab es f\u00fcr den Klub gleich ein Double-Feature im Land des Caipirinha. Nicht nur 2014 wurde hier Geschichte geschrieben (ich sage nur 7:1, Weltmeister) sondern auch beim 2. Lauf-Event dieses Jahres , dazu sp\u00e4ter aber mehr.<\/strong><\/p>\n<p>Unser Klub-Mitglied Schmittie reist beruflich zwei bis drei Mal pro Jahr nach Sao Paulo, das seit 5 Jahren. Bisher aber ohne an einem Laufevent teilzunehmen. Das musste dieses Jahr ge\u00e4ndert werden!<\/p>\n<p>Also wurde im Zeitraum der Reisen (Mai und September) nach passenden Events gesucht.<\/p>\n<p><strong>\u00a0<\/strong><strong>Maratona SP 2015 \u2013 17.05.2015<\/strong><\/p>\n<p>Und siehe da, im Mai 2015 fand sogar der legend\u00e4re Maratona SP statt. Um genauer zu sein am 17.05.2015. Kurz wurde \u00fcberlegt, ob man sich f\u00fcr die Volldistanz anmeldet, aber Schmittie ist dann doch vern\u00fcnftig geblieben und hat \u201enur\u201c die 5 Meilen Strecke (8,04672 km) angepeilt. Mit der Startnummer 11023 ging es dann ins Rennen. Die Laufbedingungen waren gut, leicht bew\u00f6lkt, morgens um 7 Uhr nur 22 Grad und \u00fcberwiegend gerade Strecke. Tolle Atmosph\u00e4re mit Samba-Bands am Stra\u00dfenrand vielen Aktionen und erstaunlich vielen Zuschauern \u2013 ein sehr sch\u00f6nes Erlebnis!<\/p>\n<p>Nur ganz knapp nach dem Ersten auf 5 Meilen mit einer Zeit von 0:27:39 kam dann Schmittie ins Ziel. Zu Buche steht eine Zeit von 1:14.50. Leider ohne offizielle Zeitangabe, da der Chip nicht funktionierte\u2026 Brasilien eben\u2026 Oder ein Anwenderfehler. Nebenbei bemerkt der Kenianer ASBEL KIPSANG lief mit einer Zeit von 2:15:01 \u00fcber die 42.195km ins Ziel ein\u2026<\/p>\n<p>Nach dem ersten Erlebnis in Brasilien hatte Schmittie dennoch \u201eBlut geleckt\u201c und auch f\u00fcr die geplante Reise im September musste ein Laufevent her.<\/p>\n<p><strong>\u00a0<\/strong><strong>adidas BoostRun 10+5+1 SP \u2013 13.09.2015<\/strong><\/p>\n<p>Dieses war dann auch schnell gefunden. Der adidas BoostRun 10+5+1. Startzeit 13.09.2015 | 06:30 Uhr. Angemeldet diesmal f\u00fcr den 10km Lauf \u2013 zumindest war das die Ma\u00dfgabe. Und es fand sich auch noch ein Freund aus Brasilien, der dazu \u00fcberredet wurde Schmittie zu unterst\u00fctzen \u2013 S\u00e9rgio!<\/p>\n<p>Gesagt getan, beide standen morgens am Start f\u00fcr die 10km. Besser organisiert als im Mai der Maratona SP, wieder mit Samba-Bands und auch Live-DJs sowie einer gro\u00dfen B\u00fchne im Start-\/ Zielbereich. Alleine das schon ein Erlebnis f\u00fcr sich!<\/p>\n<p>Mit der Startnummer 1545 ging es dann auf die 10km Strecke, ein wenig mehr Steigungen als beim Lauf im Mai aber daf\u00fcr alle 2 km konsequent eine Versorgungsstation. Diese war auch n\u00f6tig, denn es hatte bereits 25 Grad am Morgen. Mit Unterst\u00fctzung von S\u00e9rgio aus Brasilien stand am Ende eine Finisher-Zeit f\u00fcr den RFK von 1:22:30 zu Buche.<\/p>\n<p>Selbstverst\u00e4ndlich sollten dann im Anschluss die Medaillen und Urkunden abgeholt werden. Ging aber nicht!<\/p>\n<p>Und nun kommen wir zur\u00fcck auf die Geschichte wie eingangs erw\u00e4hnt.<\/p>\n<p>Es wurde erkl\u00e4rt, dass die Urkunden fr\u00fchestens nach Abschluss des 5km Laufs (10+5+1) zur Verf\u00fcgung stehen und auch erst dann die Medaillen verteilt werden.<\/p>\n<p>Nach Ende der 5km dann wurde also wieder gefragt und es wurde mitgeteilt, dass man weiterhin warten m\u00fcsse. Auch der 1km-Lauf muss noch abgeschlossen sein. Komisch.<\/p>\n<p>Schmittie und S\u00e9rgio waren \u00fcbrigens fast die Einzigen, die nach dem 10km-Lauf im Ziel waren und die Urkunden wollten. Auch komisch!<\/p>\n<p>Nun ja &#8211; nach Abschluss des 1km-Laufs kamen dann auf einmal alle L\u00e4ufer an und wollten ihre Medaillen und Urkunden. Auf erneute Nachfrage warum erst jetzt, wussten die beiden auch den Grund: Nur wer alle 3 L\u00e4ufe absolviert hatte wurde gewertet und erhielt eine Urkunde!!!<\/p>\n<p>Tja \u2013 und weil ja Geschichte geschrieben werden musste waren Schmittie und S\u00e9rgio fast die einzigen beiden Deppen, die das Konzept des\u00a0 adidas BoostRun 10+5+1 nicht kapiert hatten. Beide konnten herzlich dar\u00fcber lachen und es tat der Stimmung keinen Abbruch! Im Anschluss wurde der Tag mit einem klassischen, brasilianischen Barbecue und vielen Caipirinhas abgeschlossen.<\/p>\n<p>2016 kommt mit gro\u00dfen Schritten \u2013 und vielleicht diesmal mit einer kompletten RFK-Delegation. Termin f\u00fcr den Maratona SP 2016 ist der 24.04.2016 \u2013 Pl\u00e4tze sind noch frei und es lohnt sich! 5 Meilen, 10 Meilen und Marathon \u2013 also f\u00fcr jeden etwas dabei. Auf geht\u2019s, RFK goes Brasil!<\/p>\n<p><strong>AS<\/strong><\/p>\n<div id='gallery-1' class='gallery galleryid-1241 gallery-columns-3 gallery-size-thumbnail'><dl class='gallery-item'>\n\t\t\t<dt class='gallery-icon portrait'>\n\t\t\t\t<a href='http:\/\/rfk-nuernberg.de\/WordPress\/2015\/12\/03\/der-rfk-zeigt-flagge-in-suedamerika-schmittie-schreibt-geschichte-in-jeder-hinsicht\/rfk-goes-brazil_1\/'><img loading=\"lazy\" decoding=\"async\" width=\"150\" height=\"150\" src=\"http:\/\/rfk-nuernberg.de\/WordPress\/wp-content\/uploads\/2015\/12\/RFK-goes-Brazil_1-150x150.jpg\" class=\"attachment-thumbnail size-thumbnail\" alt=\"\" aria-describedby=\"gallery-1-1245\" \/><\/a>\n\t\t\t<\/dt>\n\t\t\t\t<dd class='wp-caption-text gallery-caption' id='gallery-1-1245'>\n\t\t\t\tSchmittie in SP_1\n\t\t\t\t<\/dd><\/dl><dl class='gallery-item'>\n\t\t\t<dt class='gallery-icon portrait'>\n\t\t\t\t<a href='http:\/\/rfk-nuernberg.de\/WordPress\/2015\/12\/03\/der-rfk-zeigt-flagge-in-suedamerika-schmittie-schreibt-geschichte-in-jeder-hinsicht\/rfk-goes-brazil_2\/'><img loading=\"lazy\" decoding=\"async\" width=\"150\" height=\"150\" src=\"http:\/\/rfk-nuernberg.de\/WordPress\/wp-content\/uploads\/2015\/12\/RFK-goes-Brazil_2-150x150.jpg\" class=\"attachment-thumbnail size-thumbnail\" alt=\"\" aria-describedby=\"gallery-1-1246\" \/><\/a>\n\t\t\t<\/dt>\n\t\t\t\t<dd class='wp-caption-text gallery-caption' id='gallery-1-1246'>\n\t\t\t\tSchmittie in SP_2\n\t\t\t\t<\/dd><\/dl>\n\t\t\t<br style='clear: both' \/>\n\t\t<\/div>\n\n","protected":false},"excerpt":{"rendered":"<p>RFK goes Brasil! Dieses Jahr gab es f\u00fcr den Klub gleich ein Double-Feature im Land des Caipirinha. Nicht nur 2014 wurde hier Geschichte geschrieben (ich sage nur 7:1, Weltmeister) sondern auch beim 2. Lauf-Event dieses Jahres , dazu sp\u00e4ter aber &hellip; <a href=\"http:\/\/rfk-nuernberg.de\/WordPress\/2015\/12\/03\/der-rfk-zeigt-flagge-in-suedamerika-schmittie-schreibt-geschichte-in-jeder-hinsicht\/\">Weiterlesen <span class=\"meta-nav\">&rarr;<\/span><\/a><\/p>\n","protected":false},"author":8,"featured_media":1245,"comment_status":"open","ping_status":"open","sticky":false,"template":"","format":"gallery","meta":{"footnotes":""},"categories":[31,14],"tags":[94,78,93,54,92],"class_list":["post-1241","post","type-post","status-publish","format-gallery","has-post-thumbnail","hentry","category-allgemein","category-run-event","tag-brasil","tag-rfk-world-tour-2015","tag-sao-paulo","tag-schmittie","tag-suedamerika","post_format-post-format-gallery"],"_links":{"self":[{"href":"http:\/\/rfk-nuernberg.de\/WordPress\/wp-json\/wp\/v2\/posts\/1241","targetHints":{"allow":["GET"]}}],"collection":[{"href":"http:\/\/rfk-nuernberg.de\/WordPress\/wp-json\/wp\/v2\/posts"}],"about":[{"href":"http:\/\/rfk-nuernberg.de\/WordPress\/wp-json\/wp\/v2\/types\/post"}],"author":[{"embeddable":true,"href":"http:\/\/rfk-nuernberg.de\/WordPress\/wp-json\/wp\/v2\/users\/8"}],"replies":[{"embeddable":true,"href":"http:\/\/rfk-nuernberg.de\/WordPress\/wp-json\/wp\/v2\/comments?post=1241"}],"version-history":[{"count":8,"href":"http:\/\/rfk-nuernberg.de\/WordPress\/wp-json\/wp\/v2\/posts\/1241\/revisions"}],"predecessor-version":[{"id":1692,"href":"http:\/\/rfk-nuernberg.de\/WordPress\/wp-json\/wp\/v2\/posts\/1241\/revisions\/1692"}],"wp:featuredmedia":[{"embeddable":true,"href":"http:\/\/rfk-nuernberg.de\/WordPress\/wp-json\/wp\/v2\/media\/1245"}],"wp:attachment":[{"href":"http:\/\/rfk-nuernberg.de\/WordPress\/wp-json\/wp\/v2\/media?parent=1241"}],"wp:term":[{"taxonomy":"category","embeddable":true,"href":"http:\/\/rfk-nuernberg.de\/WordPress\/wp-json\/wp\/v2\/categories?post=1241"},{"taxonomy":"post_tag","embeddable":true,"href":"http:\/\/rfk-nuernberg.de\/WordPress\/wp-json\/wp\/v2\/tags?post=1241"}],"curies":[{"name":"wp","href":"https:\/\/api.w.org\/{rel}","templated":true}]}}