{"id":1141,"date":"2015-03-16T14:48:46","date_gmt":"2015-03-16T13:48:46","guid":{"rendered":"http:\/\/rfk-nuernberg.de\/WordPress\/?p=1141"},"modified":"2015-03-16T14:48:46","modified_gmt":"2015-03-16T13:48:46","slug":"road-to-paris-lockeres-anschwitzen-in-dinslaken","status":"publish","type":"post","link":"http:\/\/rfk-nuernberg.de\/WordPress\/2015\/03\/16\/road-to-paris-lockeres-anschwitzen-in-dinslaken\/","title":{"rendered":"Road to Paris \u2013 Lockeres Anschwitzen in Dinslaken"},"content":{"rendered":"<p><strong>Die 10. Auflage des Dinslakener\u00a0Stadtlaufs lockte in diesem Jahr auch den RFK an die Startlinie. Bei lausigen\u00a07\u00b0 nutzen unsere \u201eWorld Tourer\u201c Schefer und Sch\u00f6ppic den 10 km-Lauf als Vorbereitung f\u00fcr den Marathon in Paris, \u201eRFK-Gast\u201c Spitzus bestritt seinen ersten H\u00e4rtetest f\u00fcr den Halbmarathon in Bonn.<\/strong><\/p>\n<p>W\u00e4hrend Sch\u00f6ppic bereits bei den ersten beiden L\u00e4ufen der Duisburger Winterlauf-Serie seine Fr\u00fchform unter Beweis gestellt hatte und auch in Dinslaken mit 44:47 min unter der magischen 45 min-Grenze blieb\u00a0(33. Platz in der MHK), verpasste Spitzus sein selbst gestecktes Ziel eines Sub50-Laufs um eine knappe halbe Minute (50:26 min, 60. Platz in der AK45).<\/p>\n<p>Zufriedener schaute da schon der Schefer nach den\u00a0vier Runden rund um die Burg und durch die Altstadt von Dinslaken drein. Mit 53:26 min und Platz 78 in der AK 45 geh\u00f6rte er zwar nicht zu den &#8222;Turbos&#8220; der 2.626 Finisher an diesem Tag, daf\u00fcr war er allerdings der Schnellste an Gregs und Tinas Schokotheke. Aber, das sollte (noch) erlaubt sein, denn bis Paris sind es ja schlie\u00dflich<\/p>\n<p><strong>noch 28 Tage<\/strong>!<\/p>\n<p>&nbsp;<\/p>\n<div id='gallery-1' class='gallery galleryid-1141 gallery-columns-4 gallery-size-thumbnail'><dl class='gallery-item'>\n\t\t\t<dt class='gallery-icon landscape'>\n\t\t\t\t<a href='http:\/\/rfk-nuernberg.de\/WordPress\/2015\/03\/16\/road-to-paris-lockeres-anschwitzen-in-dinslaken\/2015-03-15_001-stadtlauf-in-dinslaken\/'><img loading=\"lazy\" decoding=\"async\" width=\"150\" height=\"150\" src=\"http:\/\/rfk-nuernberg.de\/WordPress\/wp-content\/uploads\/2015\/03\/2015-03-15_001-Stadtlauf-in-Dinslaken-150x150.jpg\" class=\"attachment-thumbnail size-thumbnail\" alt=\"\" \/><\/a>\n\t\t\t<\/dt><\/dl><dl class='gallery-item'>\n\t\t\t<dt class='gallery-icon landscape'>\n\t\t\t\t<a href='http:\/\/rfk-nuernberg.de\/WordPress\/2015\/03\/16\/road-to-paris-lockeres-anschwitzen-in-dinslaken\/2015-03-15_002-stadtlauf-in-dinslaken\/'><img loading=\"lazy\" decoding=\"async\" width=\"150\" height=\"150\" src=\"http:\/\/rfk-nuernberg.de\/WordPress\/wp-content\/uploads\/2015\/03\/2015-03-15_002-Stadtlauf-in-Dinslaken-150x150.jpg\" class=\"attachment-thumbnail size-thumbnail\" alt=\"\" \/><\/a>\n\t\t\t<\/dt><\/dl><dl class='gallery-item'>\n\t\t\t<dt class='gallery-icon landscape'>\n\t\t\t\t<a href='http:\/\/rfk-nuernberg.de\/WordPress\/2015\/03\/16\/road-to-paris-lockeres-anschwitzen-in-dinslaken\/2015-03-15_003-stadtlauf-in-dinslaken\/'><img loading=\"lazy\" decoding=\"async\" width=\"150\" height=\"150\" src=\"http:\/\/rfk-nuernberg.de\/WordPress\/wp-content\/uploads\/2015\/03\/2015-03-15_003-Stadtlauf-in-Dinslaken-150x150.jpg\" class=\"attachment-thumbnail size-thumbnail\" alt=\"\" \/><\/a>\n\t\t\t<\/dt><\/dl><dl class='gallery-item'>\n\t\t\t<dt class='gallery-icon portrait'>\n\t\t\t\t<a href='http:\/\/rfk-nuernberg.de\/WordPress\/2015\/03\/16\/road-to-paris-lockeres-anschwitzen-in-dinslaken\/2015-03-15_004-stadtlauf-in-dinslaken\/'><img loading=\"lazy\" decoding=\"async\" width=\"150\" height=\"150\" src=\"http:\/\/rfk-nuernberg.de\/WordPress\/wp-content\/uploads\/2015\/03\/2015-03-15_004-Stadtlauf-in-Dinslaken--150x150.png\" class=\"attachment-thumbnail size-thumbnail\" alt=\"\" \/><\/a>\n\t\t\t<\/dt><\/dl><br style=\"clear: both\" \/>\n\t\t<\/div>\n\n","protected":false},"excerpt":{"rendered":"<p>Die 10. Auflage des Dinslakener\u00a0Stadtlaufs lockte in diesem Jahr auch den RFK an die Startlinie. Bei lausigen\u00a07\u00b0 nutzen unsere \u201eWorld Tourer\u201c Schefer und Sch\u00f6ppic den 10 km-Lauf als Vorbereitung f\u00fcr den Marathon in Paris, \u201eRFK-Gast\u201c Spitzus bestritt seinen ersten H\u00e4rtetest &hellip; <a href=\"http:\/\/rfk-nuernberg.de\/WordPress\/2015\/03\/16\/road-to-paris-lockeres-anschwitzen-in-dinslaken\/\">Weiterlesen <span class=\"meta-nav\">&rarr;<\/span><\/a><\/p>\n","protected":false},"author":8,"featured_media":0,"comment_status":"open","ping_status":"open","sticky":false,"template":"","format":"gallery","meta":{"footnotes":""},"categories":[31,14],"tags":[82,78,83,48,47],"class_list":["post-1141","post","type-post","status-publish","format-gallery","hentry","category-allgemein","category-run-event","tag-dinslaken","tag-rfk-world-tour-2015","tag-road-to-paris","tag-schefer","tag-schoppic","post_format-post-format-gallery"],"_links":{"self":[{"href":"http:\/\/rfk-nuernberg.de\/WordPress\/wp-json\/wp\/v2\/posts\/1141","targetHints":{"allow":["GET"]}}],"collection":[{"href":"http:\/\/rfk-nuernberg.de\/WordPress\/wp-json\/wp\/v2\/posts"}],"about":[{"href":"http:\/\/rfk-nuernberg.de\/WordPress\/wp-json\/wp\/v2\/types\/post"}],"author":[{"embeddable":true,"href":"http:\/\/rfk-nuernberg.de\/WordPress\/wp-json\/wp\/v2\/users\/8"}],"replies":[{"embeddable":true,"href":"http:\/\/rfk-nuernberg.de\/WordPress\/wp-json\/wp\/v2\/comments?post=1141"}],"version-history":[{"count":15,"href":"http:\/\/rfk-nuernberg.de\/WordPress\/wp-json\/wp\/v2\/posts\/1141\/revisions"}],"predecessor-version":[{"id":1160,"href":"http:\/\/rfk-nuernberg.de\/WordPress\/wp-json\/wp\/v2\/posts\/1141\/revisions\/1160"}],"wp:attachment":[{"href":"http:\/\/rfk-nuernberg.de\/WordPress\/wp-json\/wp\/v2\/media?parent=1141"}],"wp:term":[{"taxonomy":"category","embeddable":true,"href":"http:\/\/rfk-nuernberg.de\/WordPress\/wp-json\/wp\/v2\/categories?post=1141"},{"taxonomy":"post_tag","embeddable":true,"href":"http:\/\/rfk-nuernberg.de\/WordPress\/wp-json\/wp\/v2\/tags?post=1141"}],"curies":[{"name":"wp","href":"https:\/\/api.w.org\/{rel}","templated":true}]}}