{"id":1097,"date":"2015-03-06T20:36:53","date_gmt":"2015-03-06T19:36:53","guid":{"rendered":"http:\/\/rfk-nuernberg.de\/WordPress\/?p=1097"},"modified":"2015-03-06T21:42:00","modified_gmt":"2015-03-06T20:42:00","slug":"2015-rfk-im-heiligen-land","status":"publish","type":"post","link":"http:\/\/rfk-nuernberg.de\/WordPress\/2015\/03\/06\/2015-rfk-im-heiligen-land\/","title":{"rendered":"2015: RFK im Heiligen Land"},"content":{"rendered":"<p><strong>Shalom! Die &#8222;RFK-Boyzz&#8220; (Tom, Aitsch, Schweizer Franke) reisten vergangenen Februar ins Land von Milch und Honig: 4 Tage Tel Aviv. Ein Trip mit zahlreichen Highlights und ein <span class=\"beispiel\"><span class=\"font_normal\">Potpourri<\/span><\/span> aus Run, Fun und Kulinarik (RFK)<\/strong><\/p>\n<p>&#8211; Hotel am Meer <a title=\"Sea Exectuive Tel Aviv\" href=\"http:\/\/www.sea-hotel.co.il\/\">www.sea-hotel.co.il<\/a>\/<br \/>\n&#8211; 29 Grad im Februar<br \/>\n&#8211; Tel Aviv Marathon um 06:45 Uhr in der Fr\u00fch<br \/>\n&#8211; Taxifahrt an den Start \/ 7km Run an den Start<br \/>\n&#8211; Ausflug nach Jerusalem<br \/>\n&#8211; Baden im Toten Meer<br \/>\n&#8211; Fahrrad-Tour nach Jaffa<br \/>\n&#8211; Stimmung im Team<br \/>\n&#8211; Massage von Israel<br \/>\n&#8211; Die legend\u00e4re Verabschiedung von Tom Montblanc<\/p>\n<p>Wie gewohnt und stets zuverl\u00e4ssig der obligate Resultate-Dienst:<\/p>\n<ul>\n<li>Aitsch\u00a0\u00a0\u00a0\u00a0\u00a0\u00a0\u00a0\u00a0\u00a0\u00a0\u00a0\u00a0\u00a0\u00a0\u00a0\u00a0 21km\u00a0\u00a0\u00a0 01:28:24<\/li>\n<li>Tom\u00a0\u00a0\u00a0\u00a0\u00a0\u00a0 \u00a0\u00a0\u00a0\u00a0\u00a0\u00a0\u00a0\u00a0\u00a0\u00a0\u00a0 21km\u00a0 \u00a0\u00a0 01:36:23<\/li>\n<li>CH-Franke\u00a0\u00a0\u00a0\u00a0\u00a0\u00a0 10km\u00a0\u00a0\u00a0\u00a0 00:50:48<\/li>\n<\/ul>\n<p style=\"text-align: left\">Speziellen Dank geht an Schrotti. Ohne seine Geistesgegenw\u00e4rtigkeit am Freitag Abend bei der Startnummernausgabe und notabene 5 Minuten vor Schalterschluss (\u00e4rztliche Bescheinigung fehlte = neues Gesetz in Israel bei Volksl\u00e4ufen) h\u00e4tten wir definitiv nicht starten k\u00f6nnen. Danke f\u00fcr die Aktion und Shalom Boyzz!<\/p>\n<div id='gallery-1' class='gallery galleryid-1097 gallery-columns-4 gallery-size-thumbnail'><dl class='gallery-item'>\n\t\t\t<dt class='gallery-icon landscape'>\n\t\t\t\t<a href='http:\/\/rfk-nuernberg.de\/WordPress\/2015\/03\/06\/2015-rfk-im-heiligen-land\/img_4135\/'><img loading=\"lazy\" decoding=\"async\" width=\"150\" height=\"150\" src=\"http:\/\/rfk-nuernberg.de\/WordPress\/wp-content\/uploads\/2015\/03\/IMG_4135-150x150.jpg\" class=\"attachment-thumbnail size-thumbnail\" alt=\"\" \/><\/a>\n\t\t\t<\/dt><\/dl><dl class='gallery-item'>\n\t\t\t<dt class='gallery-icon landscape'>\n\t\t\t\t<a href='http:\/\/rfk-nuernberg.de\/WordPress\/2015\/03\/06\/2015-rfk-im-heiligen-land\/img_3299-7\/'><img loading=\"lazy\" decoding=\"async\" width=\"150\" height=\"150\" src=\"http:\/\/rfk-nuernberg.de\/WordPress\/wp-content\/uploads\/2015\/03\/IMG_32996-150x150.jpg\" class=\"attachment-thumbnail size-thumbnail\" alt=\"\" \/><\/a>\n\t\t\t<\/dt><\/dl><dl class='gallery-item'>\n\t\t\t<dt class='gallery-icon landscape'>\n\t\t\t\t<a href='http:\/\/rfk-nuernberg.de\/WordPress\/2015\/03\/06\/2015-rfk-im-heiligen-land\/20150228_142524-9\/'><img loading=\"lazy\" decoding=\"async\" width=\"150\" height=\"150\" src=\"http:\/\/rfk-nuernberg.de\/WordPress\/wp-content\/uploads\/2015\/03\/20150228_1425248-150x150.jpg\" class=\"attachment-thumbnail size-thumbnail\" alt=\"\" \/><\/a>\n\t\t\t<\/dt><\/dl><dl class='gallery-item'>\n\t\t\t<dt class='gallery-icon portrait'>\n\t\t\t\t<a href='http:\/\/rfk-nuernberg.de\/WordPress\/2015\/03\/06\/2015-rfk-im-heiligen-land\/20150228_144151\/'><img loading=\"lazy\" decoding=\"async\" width=\"150\" height=\"150\" src=\"http:\/\/rfk-nuernberg.de\/WordPress\/wp-content\/uploads\/2015\/03\/20150228_144151-150x150.jpg\" class=\"attachment-thumbnail size-thumbnail\" alt=\"\" \/><\/a>\n\t\t\t<\/dt><\/dl><br style=\"clear: both\" \/><dl class='gallery-item'>\n\t\t\t<dt class='gallery-icon portrait'>\n\t\t\t\t<a href='http:\/\/rfk-nuernberg.de\/WordPress\/2015\/03\/06\/2015-rfk-im-heiligen-land\/20150228_124151-6\/'><img loading=\"lazy\" decoding=\"async\" width=\"150\" height=\"150\" src=\"http:\/\/rfk-nuernberg.de\/WordPress\/wp-content\/uploads\/2015\/03\/20150228_1241515-150x150.jpg\" class=\"attachment-thumbnail size-thumbnail\" alt=\"\" \/><\/a>\n\t\t\t<\/dt><\/dl><dl class='gallery-item'>\n\t\t\t<dt class='gallery-icon landscape'>\n\t\t\t\t<a href='http:\/\/rfk-nuernberg.de\/WordPress\/2015\/03\/06\/2015-rfk-im-heiligen-land\/img_4165\/'><img loading=\"lazy\" decoding=\"async\" width=\"150\" height=\"150\" src=\"http:\/\/rfk-nuernberg.de\/WordPress\/wp-content\/uploads\/2015\/03\/IMG_4165-150x150.jpg\" class=\"attachment-thumbnail size-thumbnail\" alt=\"\" \/><\/a>\n\t\t\t<\/dt><\/dl><dl class='gallery-item'>\n\t\t\t<dt class='gallery-icon portrait'>\n\t\t\t\t<a href='http:\/\/rfk-nuernberg.de\/WordPress\/2015\/03\/06\/2015-rfk-im-heiligen-land\/fullsizerender\/'><img loading=\"lazy\" decoding=\"async\" width=\"150\" height=\"150\" src=\"http:\/\/rfk-nuernberg.de\/WordPress\/wp-content\/uploads\/2015\/03\/FullSizeRender-150x150.jpg\" class=\"attachment-thumbnail size-thumbnail\" alt=\"\" \/><\/a>\n\t\t\t<\/dt><\/dl>\n\t\t\t<br style='clear: both' \/>\n\t\t<\/div>\n\n","protected":false},"excerpt":{"rendered":"<p>Shalom! Die &#8222;RFK-Boyzz&#8220; (Tom, Aitsch, Schweizer Franke) reisten vergangenen Februar ins Land von Milch und Honig: 4 Tage Tel Aviv. Ein Trip mit zahlreichen Highlights und ein Potpourri aus Run, Fun und Kulinarik (RFK) &#8211; Hotel am Meer www.sea-hotel.co.il\/ &#8211; &hellip; <a href=\"http:\/\/rfk-nuernberg.de\/WordPress\/2015\/03\/06\/2015-rfk-im-heiligen-land\/\">Weiterlesen <span class=\"meta-nav\">&rarr;<\/span><\/a><\/p>\n","protected":false},"author":5,"featured_media":0,"comment_status":"open","ping_status":"open","sticky":false,"template":"","format":"gallery","meta":{"footnotes":""},"categories":[27,14],"tags":[80],"class_list":["post-1097","post","type-post","status-publish","format-gallery","hentry","category-fun-event","category-run-event","tag-tel-aviv","post_format-post-format-gallery"],"_links":{"self":[{"href":"http:\/\/rfk-nuernberg.de\/WordPress\/wp-json\/wp\/v2\/posts\/1097","targetHints":{"allow":["GET"]}}],"collection":[{"href":"http:\/\/rfk-nuernberg.de\/WordPress\/wp-json\/wp\/v2\/posts"}],"about":[{"href":"http:\/\/rfk-nuernberg.de\/WordPress\/wp-json\/wp\/v2\/types\/post"}],"author":[{"embeddable":true,"href":"http:\/\/rfk-nuernberg.de\/WordPress\/wp-json\/wp\/v2\/users\/5"}],"replies":[{"embeddable":true,"href":"http:\/\/rfk-nuernberg.de\/WordPress\/wp-json\/wp\/v2\/comments?post=1097"}],"version-history":[{"count":11,"href":"http:\/\/rfk-nuernberg.de\/WordPress\/wp-json\/wp\/v2\/posts\/1097\/revisions"}],"predecessor-version":[{"id":1139,"href":"http:\/\/rfk-nuernberg.de\/WordPress\/wp-json\/wp\/v2\/posts\/1097\/revisions\/1139"}],"wp:attachment":[{"href":"http:\/\/rfk-nuernberg.de\/WordPress\/wp-json\/wp\/v2\/media?parent=1097"}],"wp:term":[{"taxonomy":"category","embeddable":true,"href":"http:\/\/rfk-nuernberg.de\/WordPress\/wp-json\/wp\/v2\/categories?post=1097"},{"taxonomy":"post_tag","embeddable":true,"href":"http:\/\/rfk-nuernberg.de\/WordPress\/wp-json\/wp\/v2\/tags?post=1097"}],"curies":[{"name":"wp","href":"https:\/\/api.w.org\/{rel}","templated":true}]}}