{"id":1014,"date":"2014-09-30T19:54:37","date_gmt":"2014-09-30T17:54:37","guid":{"rendered":"http:\/\/rfk-nuernberg.de\/WordPress\/?p=1014"},"modified":"2014-09-30T19:54:37","modified_gmt":"2014-09-30T17:54:37","slug":"10-jahre-nurnberg","status":"publish","type":"post","link":"http:\/\/rfk-nuernberg.de\/WordPress\/2014\/09\/30\/10-jahre-nurnberg\/","title":{"rendered":"10 Jahre N\u00fcrnberg"},"content":{"rendered":"<p><strong><a href=\"http:\/\/rfk-nuernberg.de\/WordPress\/wp-content\/uploads\/2014\/09\/N\u00fcrnberg.jpg\"><img loading=\"lazy\" decoding=\"async\" class=\"aligncenter size-full wp-image-1015\" src=\"http:\/\/rfk-nuernberg.de\/WordPress\/wp-content\/uploads\/2014\/09\/N\u00fcrnberg.jpg\" alt=\"N\u00fcrnberg\" width=\"211\" height=\"220\" \/><\/a><\/strong><\/p>\n<p>Vor exakt 10 Jahren, n\u00e4mlich am 30.09.2004, startete f\u00fcr mich &#8211; in Verbindung mit der FIFA Fussball WM 2006 &#8211; das Abenteuer N\u00fcrnberg.<\/p>\n<p>Mit dem Zug ging\u2018s von Bern \u00fcber Karlsruhe ins mir damals noch wenig bekannte Frankenland. Der erste Abend wurde mit BBE und Hubert im legend\u00e4ren Bratwursth\u00e4usle verbracht. Als w\u00e4re es gestern gewesen!<\/p>\n<p>Mit gro\u00dfem Vergn\u00fcgen schaue ich auf diese sensationelle Zeit zur\u00fcck. A time to make friends! Schweizer Franke<\/p>\n<p>&nbsp;<\/p>\n","protected":false},"excerpt":{"rendered":"<p>Vor exakt 10 Jahren, n\u00e4mlich am 30.09.2004, startete f\u00fcr mich &#8211; in Verbindung mit der FIFA Fussball WM 2006 &#8211; das Abenteuer N\u00fcrnberg. Mit dem Zug ging\u2018s von Bern \u00fcber Karlsruhe ins mir damals noch wenig bekannte Frankenland. Der erste &hellip; <a href=\"http:\/\/rfk-nuernberg.de\/WordPress\/2014\/09\/30\/10-jahre-nurnberg\/\">Weiterlesen <span class=\"meta-nav\">&rarr;<\/span><\/a><\/p>\n","protected":false},"author":5,"featured_media":0,"comment_status":"open","ping_status":"open","sticky":false,"template":"","format":"gallery","meta":{"footnotes":""},"categories":[31],"tags":[],"class_list":["post-1014","post","type-post","status-publish","format-gallery","hentry","category-allgemein","post_format-post-format-gallery"],"_links":{"self":[{"href":"http:\/\/rfk-nuernberg.de\/WordPress\/wp-json\/wp\/v2\/posts\/1014","targetHints":{"allow":["GET"]}}],"collection":[{"href":"http:\/\/rfk-nuernberg.de\/WordPress\/wp-json\/wp\/v2\/posts"}],"about":[{"href":"http:\/\/rfk-nuernberg.de\/WordPress\/wp-json\/wp\/v2\/types\/post"}],"author":[{"embeddable":true,"href":"http:\/\/rfk-nuernberg.de\/WordPress\/wp-json\/wp\/v2\/users\/5"}],"replies":[{"embeddable":true,"href":"http:\/\/rfk-nuernberg.de\/WordPress\/wp-json\/wp\/v2\/comments?post=1014"}],"version-history":[{"count":5,"href":"http:\/\/rfk-nuernberg.de\/WordPress\/wp-json\/wp\/v2\/posts\/1014\/revisions"}],"predecessor-version":[{"id":1020,"href":"http:\/\/rfk-nuernberg.de\/WordPress\/wp-json\/wp\/v2\/posts\/1014\/revisions\/1020"}],"wp:attachment":[{"href":"http:\/\/rfk-nuernberg.de\/WordPress\/wp-json\/wp\/v2\/media?parent=1014"}],"wp:term":[{"taxonomy":"category","embeddable":true,"href":"http:\/\/rfk-nuernberg.de\/WordPress\/wp-json\/wp\/v2\/categories?post=1014"},{"taxonomy":"post_tag","embeddable":true,"href":"http:\/\/rfk-nuernberg.de\/WordPress\/wp-json\/wp\/v2\/tags?post=1014"}],"curies":[{"name":"wp","href":"https:\/\/api.w.org\/{rel}","templated":true}]}}